{"id":74346,"date":"2024-11-10T17:18:25","date_gmt":"2024-11-10T23:18:25","guid":{"rendered":"https:\/\/zonaroja.com.mx\/?p=74346"},"modified":"2024-11-10T17:18:25","modified_gmt":"2024-11-10T23:18:25","slug":"lista-la-66-legislatura-del-congreso-del-estado-inicia-el-miercoles","status":"publish","type":"post","link":"https:\/\/zonaroja.com.mx\/?p=74346","title":{"rendered":"Lista la 66 Legislatura del Congreso del Estado; inicia el mi\u00e9rcoles&nbsp;"},"content":{"rendered":"\n<p>Redacci\u00f3n\/Zona Roja.&nbsp;<\/p>\n\n\n\n<p>Oaxaca de Ju\u00e1rez,&nbsp;Oax. 10 de noviembre de 2024.- Este s\u00e1bado concluy\u00f3 el registro de integrantes de la 66 Legislatura del Congreso del Estado de Oaxaca, que ser\u00e1 instalada el 13 de noviembre pr\u00f3ximo.&nbsp;<\/p>\n\n\n\n<p>Por tanto, las diputadas electas acreditadas son Vanessa Rub\u00ed Ojeda Mej\u00eda, del distrito I; Analy Peral Vivar, del distrito IV; Dulce Bel\u00e9n Uribe Mendoza, del distrito VI; Sandra Daniela Taurino Jim\u00e9nez, del distrito XII; Hayde\u00e9 Reyes Soto, del distrito XIII.Dennis Garc\u00eda Guti\u00e9rrez, del distrito XVIII; Mar\u00eda Francisca Antonio Santiago, del distrito XIX.<\/p>\n\n\n\n<p>Karla Clarissa Bornios Pel\u00e1ez, del distrito XXII; Tania L\u00f3pez L\u00f3pez, Dulce Alejandra Garc\u00eda Morl\u00e1n, Kelly Jannet Cabrera Gonz\u00e1lez, Elisa Zepeda Lagunas, Concepci\u00f3n Rueda G\u00f3mez, por la v\u00eda plurinominal.<\/p>\n\n\n\n<p>Tania Caballero Navarro, por el distrito V; Elvia Gabriela P\u00e9rez L\u00f3pez, por el distrito XIV; M\u00f3nica Bel\u00e9n L\u00f3pez Javier, por el distrito XVII; Eva Diego Cruz, por el distrito XXI.<\/p>\n\n\n\n<p>Monserrat Herrera Ruiz, por el distrito XXIII; Mar\u00eda Eulalia Velasco Ram\u00edrez, por el distrito XXV; Antonia Natividad D\u00edaz Jim\u00e9nez, Biaani Palomec Enr\u00edquez, Irma Pineda Santiago, Lizett Arroyo Rodr\u00edguez y Lizbeth Anaid Concha Ojeda, por la v\u00eda plurinominal.<\/p>\n\n\n\n<p>Por otra parte, los diputados electos registrados son Benjam\u00edn Viveros Montalvo; Francisco Javier Ni\u00f1o Hern\u00e1ndez, por el distrito II; Isidro Ortega Silva, por el distrito III; Nicol\u00e1s Enrique Feria Romero, por el distrito VII; Oliver L\u00f3pez Garc\u00eda, por el distrito XI.<\/p>\n\n\n\n<p>C\u00e9sar David Mateos Ben\u00edtez, por el distrito XV; Juan Marcelino S\u00e1nchez Valdivieso, por el distrito XX; Ad\u00e1n Jos\u00e9 Maciel Sosa, Sergio L\u00f3pez S\u00e1nchez, Zeferino Garc\u00eda Jer\u00f3nimo, por la v\u00eda plurinominal.<\/p>\n\n\n\n<p>Mauro Cruz S\u00e1nchez, por el distrito VIII; Isa\u00edas Carranza Secundino por el distrito IX; Raynel Ram\u00edrez Mijangos, por el distrito X; Iv\u00e1n Osael Quiroz Mart\u00ednez, por el distrito XVI; Isaac L\u00f3pez L\u00f3pez, por el distrito XXIV.<\/p>\n\n\n\n<p>Javier Casique Z\u00e1rate, Dante Monta\u00f1o Montero y Jos\u00e9 Antonio Estefan Gillessen, por la v\u00eda plurinominal.<\/p>\n\n\n\n<p>El Reglamento Interior del Congreso de Oaxaca, en su art\u00edculo 4, refiere que los diputados electos deber\u00e1n de registrar entre los d\u00edas 7 a 9 de noviembre del a\u00f1o de su elecci\u00f3n, en la Secretar\u00eda de Servicios Parlamentarios, la constancia de mayor\u00eda, validez o asignaci\u00f3n, emitidas por el Consejo General o los Consejos Distritales del Instituto Estatal Electoral y de Participaci\u00f3n Ciudadana de Oaxaca, o la copia certificada de la resoluci\u00f3n que le hubiere sido favorable dictada por los Tribunales Electorales.<\/p>\n","protected":false},"excerpt":{"rendered":"<p>Redacci\u00f3n\/Zona Roja.&nbsp; Oaxaca de Ju\u00e1rez,&nbsp;Oax. 10 de noviembre de 2024.- Este s\u00e1bado concluy\u00f3 el registro&hellip;<\/p>\n","protected":false},"author":2,"featured_media":73664,"comment_status":"closed","ping_status":"open","sticky":false,"template":"","format":"standard","meta":{"_lmt_disableupdate":"","_lmt_disable":"","_jetpack_memberships_contains_paid_content":false,"footnotes":""},"categories":[109,46],"tags":[],"class_list":["post-74346","post","type-post","status-publish","format-standard","has-post-thumbnail","hentry","category-minuto-a-minuto","category-zona-blanca"],"jetpack_featured_media_url":"https:\/\/zonaroja.com.mx\/wp-content\/uploads\/2024\/10\/Congreso-de-Oaxaca-camara-de-diputados.jpeg","jetpack_sharing_enabled":true,"_links":{"self":[{"href":"https:\/\/zonaroja.com.mx\/index.php?rest_route=\/wp\/v2\/posts\/74346","targetHints":{"allow":["GET"]}}],"collection":[{"href":"https:\/\/zonaroja.com.mx\/index.php?rest_route=\/wp\/v2\/posts"}],"about":[{"href":"https:\/\/zonaroja.com.mx\/index.php?rest_route=\/wp\/v2\/types\/post"}],"author":[{"embeddable":true,"href":"https:\/\/zonaroja.com.mx\/index.php?rest_route=\/wp\/v2\/users\/2"}],"replies":[{"embeddable":true,"href":"https:\/\/zonaroja.com.mx\/index.php?rest_route=%2Fwp%2Fv2%2Fcomments&post=74346"}],"version-history":[{"count":1,"href":"https:\/\/zonaroja.com.mx\/index.php?rest_route=\/wp\/v2\/posts\/74346\/revisions"}],"predecessor-version":[{"id":74347,"href":"https:\/\/zonaroja.com.mx\/index.php?rest_route=\/wp\/v2\/posts\/74346\/revisions\/74347"}],"wp:featuredmedia":[{"embeddable":true,"href":"https:\/\/zonaroja.com.mx\/index.php?rest_route=\/wp\/v2\/media\/73664"}],"wp:attachment":[{"href":"https:\/\/zonaroja.com.mx\/index.php?rest_route=%2Fwp%2Fv2%2Fmedia&parent=74346"}],"wp:term":[{"taxonomy":"category","embeddable":true,"href":"https:\/\/zonaroja.com.mx\/index.php?rest_route=%2Fwp%2Fv2%2Fcategories&post=74346"},{"taxonomy":"post_tag","embeddable":true,"href":"https:\/\/zonaroja.com.mx\/index.php?rest_route=%2Fwp%2Fv2%2Ftags&post=74346"}],"curies":[{"name":"wp","href":"https:\/\/api.w.org\/{rel}","templated":true}]}}