{"id":74348,"date":"2024-11-10T19:38:32","date_gmt":"2024-11-11T01:38:32","guid":{"rendered":"https:\/\/zonaroja.com.mx\/?p=74348"},"modified":"2024-11-10T19:38:34","modified_gmt":"2024-11-11T01:38:34","slug":"edil-de-xoxocotlan-anuncia-la-construccion-de-un-nuevo-panteon","status":"publish","type":"post","link":"https:\/\/zonaroja.com.mx\/?p=74348","title":{"rendered":"Edil de Xoxocotl\u00e1n anuncia la construcci\u00f3n de un nuevo pante\u00f3n"},"content":{"rendered":"\n<p>Redacci\u00f3n\/Zona Roja.<\/p>\n\n\n\n<p>Oaxaca de Ju\u00e1rez, Oax., a 10 de noviembre de 2024.- Tras una larga espera de 33 a\u00f1os, vecinos de las colonias Granjas de Aguayo, La Paz, Independencia, Oriental y Ampliaci\u00f3n de Independencia contar\u00e1n con un espacio digno para la inhumaci\u00f3n de sus difuntos.<\/p>\n\n\n\n<p>Y es que, este domingo, autoridades municipales de Santa Cruz Xoxocotl\u00e1n encabezados por el presidente, Inocente Castellanos, protocolizaron la entrega del terreno donde se ubicar\u00e1 el nuevo pante\u00f3n San Miguel Arc\u00e1ngel, que ser\u00e1 en beneficio de al menos seis mil familias asentadas en las cinco colonias ubicadas al sur de Xoxocotl\u00e1n.<\/p>\n\n\n\n<p>En el acto, el edil reconoci\u00f3 la iniciativa de los y las representantes vecinales, &nbsp;quienes desde 1991, visualizaron e iniciaron con el proyecto que hoy se consolida.<\/p>\n\n\n\n<p>\u201cGracias a su iniciativa, en 1991 iniciaron la colecta que se tradujo en este espacio que brindar\u00e1 servicios funerarios dignos y accesibles a las familias de esta zona\u201d, dijo.<\/p>\n\n\n\n<p>Record\u00f3 que a pesar de que en 2017, se cumplieron con todos los requisitos para establecer el Pante\u00f3n, no fue sino hasta ahora, cuando el Cabildo que preside apoy\u00f3, afianz\u00f3 y formaliz\u00f3 la creaci\u00f3n del camposanto.<\/p>\n\n\n\n<p>Acompa\u00f1ado de los presidentes de las colonias beneficiarias y de m\u00e1s de un centenar de pobladores, el mun\u00edcipe destac\u00f3 que el espacio de 6,400 mts\u00b2 estar\u00e1 distribuido de la siguiente manera:&nbsp;<\/p>\n\n\n\n<p>Mil 260 tumbas, una capilla, un velatorio de 150 mts\u00b2, oficinas administrativas de 15 mts\u00b2, sanitarios de 52 mts\u00b2, tanque de agua y andador para circulaci\u00f3n de carrozas.&nbsp;<\/p>\n\n\n\n<p>El doctor \u201cChente\u201d Castellanos hizo un reconocimiento especial a los precursores, de este proyecto, los expresidentes de las colonias Granjas de Aguayo, Ampliaci\u00f3n Independencia, Oriental, La Paz e Independencia, Hermenegildo P\u00e9rez Tomas, finado; Lorenzo Patricio Ordaz; Pedro Quezada Tecuatl; Fortunato Carlos Santos y, Herminio Peralta Coronel, respectivamente.&nbsp;<\/p>\n\n\n\n<p>Adem\u00e1s de los integrantes del Cabildo, en el acto estuvieron presentes los actuales l\u00edderes de los mismos asentamientos:<\/p>\n\n\n\n<p>Gilberto Gonz\u00e1lez Maldonado; No\u00e9 Martinez Canseco; Wilberth Avenda\u00f1o Sandoval de la Torre, Lina Marin Juarez y Juan Antonio Cabrera S\u00e1nchez.&nbsp;<\/p>\n\n\n\n<p>De manera previa se celebr\u00f3 una misa y la bendici\u00f3n del lugar.<\/p>\n","protected":false},"excerpt":{"rendered":"<p>Redacci\u00f3n\/Zona Roja. Oaxaca de Ju\u00e1rez, Oax., a 10 de noviembre de 2024.- Tras una larga&hellip;<\/p>\n","protected":false},"author":2,"featured_media":74349,"comment_status":"closed","ping_status":"open","sticky":false,"template":"","format":"standard","meta":{"_lmt_disableupdate":"","_lmt_disable":"","_jetpack_memberships_contains_paid_content":false,"footnotes":""},"categories":[109,46],"tags":[3066,133],"class_list":["post-74348","post","type-post","status-publish","format-standard","has-post-thumbnail","hentry","category-minuto-a-minuto","category-zona-blanca","tag-inocente-castellanos-alejos","tag-santa-cruz-xoxocotlan"],"jetpack_featured_media_url":"https:\/\/zonaroja.com.mx\/wp-content\/uploads\/2024\/11\/Nuevo-panteon-Xoxocotlan.jpg","jetpack_sharing_enabled":true,"_links":{"self":[{"href":"https:\/\/zonaroja.com.mx\/index.php?rest_route=\/wp\/v2\/posts\/74348","targetHints":{"allow":["GET"]}}],"collection":[{"href":"https:\/\/zonaroja.com.mx\/index.php?rest_route=\/wp\/v2\/posts"}],"about":[{"href":"https:\/\/zonaroja.com.mx\/index.php?rest_route=\/wp\/v2\/types\/post"}],"author":[{"embeddable":true,"href":"https:\/\/zonaroja.com.mx\/index.php?rest_route=\/wp\/v2\/users\/2"}],"replies":[{"embeddable":true,"href":"https:\/\/zonaroja.com.mx\/index.php?rest_route=%2Fwp%2Fv2%2Fcomments&post=74348"}],"version-history":[{"count":1,"href":"https:\/\/zonaroja.com.mx\/index.php?rest_route=\/wp\/v2\/posts\/74348\/revisions"}],"predecessor-version":[{"id":74350,"href":"https:\/\/zonaroja.com.mx\/index.php?rest_route=\/wp\/v2\/posts\/74348\/revisions\/74350"}],"wp:featuredmedia":[{"embeddable":true,"href":"https:\/\/zonaroja.com.mx\/index.php?rest_route=\/wp\/v2\/media\/74349"}],"wp:attachment":[{"href":"https:\/\/zonaroja.com.mx\/index.php?rest_route=%2Fwp%2Fv2%2Fmedia&parent=74348"}],"wp:term":[{"taxonomy":"category","embeddable":true,"href":"https:\/\/zonaroja.com.mx\/index.php?rest_route=%2Fwp%2Fv2%2Fcategories&post=74348"},{"taxonomy":"post_tag","embeddable":true,"href":"https:\/\/zonaroja.com.mx\/index.php?rest_route=%2Fwp%2Fv2%2Ftags&post=74348"}],"curies":[{"name":"wp","href":"https:\/\/api.w.org\/{rel}","templated":true}]}}