{"id":74354,"date":"2024-11-11T07:30:24","date_gmt":"2024-11-11T13:30:24","guid":{"rendered":"https:\/\/zonaroja.com.mx\/?p=74354"},"modified":"2024-11-11T07:30:26","modified_gmt":"2024-11-11T13:30:26","slug":"sigue-violencia-en-juchitan-mientras-edil-anda-en-actos-politicos","status":"publish","type":"post","link":"https:\/\/zonaroja.com.mx\/?p=74354","title":{"rendered":"Sigue violencia en Juchit\u00e1n\u2026 mientras edil anda en actos pol\u00edticos\u00a0"},"content":{"rendered":"\n<p>Ismael Garc\u00eda M.\/Zona Roja.<\/p>\n\n\n\n<p>Oaxaca de Ju\u00e1rez, Oax., a 11 de noviembre de 2024.- Mientras el presidente municipal Miguel S\u00e1nchez Altamirano encabezaba, al lado del ex edil Emilio Montero P\u00e9rez, un acto pol\u00edtico de Morena, una persona fue atacada a balazos y otra m\u00e1s por arma blanca, este domingo.<\/p>\n\n\n\n<p>Apenas la semana pasada, al menos cinco personas fueron asesinadas; un cuerpo fue localizado descuartizado en el interior de una maleta, en el fraccionamiento Infonavit Zapand\u00fa, sin que haya acci\u00f3n policiaca municipal para prevenir y frenar los delitos.<\/p>\n\n\n\n<p>Del caso de ayer, la agresi\u00f3n armada ocurri\u00f3 en contra de Jos\u00e9 Antonio G., de 22 a\u00f1os de edad, cuando se encontraba en la colonia Virgen de Guadalupe, por lo cual fue trasladado a un hospital para su atenci\u00f3n m\u00e9dica.<\/p>\n\n\n\n<p>En tanto, de acuerdo con reportes policiacos, una persona fue \u201clevantada\u201d tambi\u00e9n ayer, a un costado del Perif\u00e9rico de dicha ciudad istme\u00f1a, sin que se conozca su paradero hasta ahora.<\/p>\n\n\n\n<p>Por otra parte, en la colonia 10 de Mayo, una persona del sexo masculino, quien dijo llamarse Juan de Dios G. B., fue lesionada por arma blanca, durante una reuni\u00f3n.<\/p>\n\n\n\n<p>El hombre presentaba exposici\u00f3n de v\u00edsceras, por lo cual fue trasladado de emergencia a un nosocomio, donde lo reportan delicado de salud.<\/p>\n\n\n\n<p>Por otra parte, en el municipio de Salina Cruz se registr\u00f3 una balacera en la agencia municipal de Bah\u00eda La Ventosa, sin que se reportaran v\u00edctimas.<\/p>\n\n\n\n<p>Mientras que en la colonia El Porvenir del municipio de Santiago Pinotepa Nacional, ayer por la tarde fue hallada sin vida una persona del sexo masculino.<\/p>\n\n\n\n<p>Hasta el momento se desconoce si fue un homicidio doloso o si se trata de una muerte por causas naturales.<\/p>\n","protected":false},"excerpt":{"rendered":"<p>Ismael Garc\u00eda M.\/Zona Roja. Oaxaca de Ju\u00e1rez, Oax., a 11 de noviembre de 2024.- Mientras&hellip;<\/p>\n","protected":false},"author":2,"featured_media":74356,"comment_status":"closed","ping_status":"open","sticky":false,"template":"","format":"standard","meta":{"_lmt_disableupdate":"","_lmt_disable":"","_jetpack_memberships_contains_paid_content":false,"footnotes":""},"categories":[109,51],"tags":[123],"class_list":["post-74354","post","type-post","status-publish","format-standard","has-post-thumbnail","hentry","category-minuto-a-minuto","category-zona-roja","tag-juchitan-de-zaragoza"],"jetpack_featured_media_url":"https:\/\/zonaroja.com.mx\/wp-content\/uploads\/2024\/11\/Miguel-Sanchez-Altamirano-y-Emilio-Montero.jpg","jetpack_sharing_enabled":true,"_links":{"self":[{"href":"https:\/\/zonaroja.com.mx\/index.php?rest_route=\/wp\/v2\/posts\/74354","targetHints":{"allow":["GET"]}}],"collection":[{"href":"https:\/\/zonaroja.com.mx\/index.php?rest_route=\/wp\/v2\/posts"}],"about":[{"href":"https:\/\/zonaroja.com.mx\/index.php?rest_route=\/wp\/v2\/types\/post"}],"author":[{"embeddable":true,"href":"https:\/\/zonaroja.com.mx\/index.php?rest_route=\/wp\/v2\/users\/2"}],"replies":[{"embeddable":true,"href":"https:\/\/zonaroja.com.mx\/index.php?rest_route=%2Fwp%2Fv2%2Fcomments&post=74354"}],"version-history":[{"count":1,"href":"https:\/\/zonaroja.com.mx\/index.php?rest_route=\/wp\/v2\/posts\/74354\/revisions"}],"predecessor-version":[{"id":74357,"href":"https:\/\/zonaroja.com.mx\/index.php?rest_route=\/wp\/v2\/posts\/74354\/revisions\/74357"}],"wp:featuredmedia":[{"embeddable":true,"href":"https:\/\/zonaroja.com.mx\/index.php?rest_route=\/wp\/v2\/media\/74356"}],"wp:attachment":[{"href":"https:\/\/zonaroja.com.mx\/index.php?rest_route=%2Fwp%2Fv2%2Fmedia&parent=74354"}],"wp:term":[{"taxonomy":"category","embeddable":true,"href":"https:\/\/zonaroja.com.mx\/index.php?rest_route=%2Fwp%2Fv2%2Fcategories&post=74354"},{"taxonomy":"post_tag","embeddable":true,"href":"https:\/\/zonaroja.com.mx\/index.php?rest_route=%2Fwp%2Fv2%2Ftags&post=74354"}],"curies":[{"name":"wp","href":"https:\/\/api.w.org\/{rel}","templated":true}]}}