{"id":74358,"date":"2024-11-11T08:00:57","date_gmt":"2024-11-11T14:00:57","guid":{"rendered":"https:\/\/zonaroja.com.mx\/?p=74358"},"modified":"2024-11-11T08:00:59","modified_gmt":"2024-11-11T14:00:59","slug":"mentimos-si-decimos-que-hay-paz-en-oaxaca-no-es-cierto","status":"publish","type":"post","link":"https:\/\/zonaroja.com.mx\/?p=74358","title":{"rendered":"\u201cMentimos si decimos que hay paz en Oaxaca; no es cierto\u201d"},"content":{"rendered":"\n<p>Raymundo Morales\/Zona Roja.<\/p>\n\n\n\n<p>Oaxaca de Ju\u00e1rez, Oax., a 11 de noviembre de 2024.- El Arzobispo de Antequera Oaxaca, Pedro V\u00e1zquez Villalobos, lament\u00f3 que la ola de inseguridad crezca en M\u00e9xico y en la entidad.<\/p>\n\n\n\n<p>Durante su homilia de ayer en la Catedral metropolitana, pidi\u00f3 oraci\u00f3n por la reuni\u00f3n de obispos del pa\u00eds que se efect\u00faa a partir de hoy, en que se elegir\u00e1n nuevos servicios y nuevo presidente del Episcopado Mexicano, as\u00ed como secretario, tesorero, entre oros<\/p>\n\n\n\n<p>\u201cD\u00edganle al Esp\u00edritu Santo: ilumina a nuestros obispos, no solamente para que elijan, sino para que sigan comprometidos en llevar el evangelio a esta realidad que estamos viviendo de nuestro pa\u00eds, una realidad dif\u00edcil, una realidad dif\u00edcil y ustedes lo saben.&nbsp;<\/p>\n\n\n\n<p>\u201cSigue habiendo violencia, aqu\u00ed y all\u00e1, nuestra ciudad no se escapa de la violencia, sigue habiendo asesinatos, sigue habiendo feminicidios, sigue habiendo tantas cosas.<\/p>\n\n\n\n<p>\u201cMentimos si decimos que hay paz en Oaxaca, no es cierto, no hay paz, queremos la paz, pero no la hay, hay diferentes puntos donde no hay paz, no mintamos, no cerremos los ojos a la realidad que estamos viviendo y si abrimos nuestros ojos al pa\u00eds, all\u00ed est\u00e1 presente la violencia\u201d, dijo.<\/p>\n\n\n\n<p>Sostuvo que en la triste realidad est\u00e1 tambi\u00e9n presente la pobreza, las injusticias, la p\u00e9rdida de los valores, pues ya no se respeta la vida.<\/p>\n\n\n\n<p>\u201cNos alegramos porque el aborto ya est\u00e1 liberada la persona que cometa alg\u00fan aborto, ah, c\u00f3mo gozamos, c\u00f3mo disfrutamos, salimos a la calle, un triunfo, porque podemos matar al que ten\u00eda derecho a vivir. Es un triunfo\u201d, expuso el prelado.&nbsp;<\/p>\n\n\n\n<p>Reproch\u00f3 que nadie tiene derecho sobre la vida, pese a reclamar que tienen derechos sobre su cuerpo.\u00bfNo tiene derecho al derecho que t\u00fa tuviste de nacer, porque tu padre y tu madre respetaron, no tendr\u00e1 el mismo derecho el que se est\u00e1 formando en tu vientre? Yo creo que s\u00ed, yo creo que s\u00ed, pero hay mucho aplauso, mucho aplauso y ya somos una naci\u00f3n de primer mundo, porque aprobamos esto, de primer mundo\u201d.<\/p>\n\n\n\n<p>Abund\u00f3:<\/p>\n\n\n\n<p>\u00bfCu\u00e1l primer mundo en nuestro Oaxaca, si usted no ha ido a nuestras monta\u00f1as? Vaya y vea si es primer mundo, vaya y vea. No vivimos en un primer mundo, vivimos en un mundo de pobreza, de necesidades, de carencia, de sufrimiento.&nbsp;<\/p>\n\n\n\n<p>Indic\u00f3 que todo ello se tendr\u00e1 que cuestionar en la reuni\u00f3n de obispos que inicia hoy en M\u00e9xico.<\/p>\n","protected":false},"excerpt":{"rendered":"<p>Raymundo Morales\/Zona Roja. Oaxaca de Ju\u00e1rez, Oax., a 11 de noviembre de 2024.- El Arzobispo&hellip;<\/p>\n","protected":false},"author":2,"featured_media":74359,"comment_status":"closed","ping_status":"open","sticky":false,"template":"","format":"standard","meta":{"_lmt_disableupdate":"","_lmt_disable":"","_jetpack_memberships_contains_paid_content":false,"footnotes":""},"categories":[109,47],"tags":[2219],"class_list":["post-74358","post","type-post","status-publish","format-standard","has-post-thumbnail","hentry","category-minuto-a-minuto","category-zona-gris","tag-arzobispo-pedro-vazquez-villalobos"],"jetpack_featured_media_url":"https:\/\/zonaroja.com.mx\/wp-content\/uploads\/2024\/11\/Arzobispo-de-Antequera-Oaxaca-Pedro-Vasquez.jpg","jetpack_sharing_enabled":true,"_links":{"self":[{"href":"https:\/\/zonaroja.com.mx\/index.php?rest_route=\/wp\/v2\/posts\/74358","targetHints":{"allow":["GET"]}}],"collection":[{"href":"https:\/\/zonaroja.com.mx\/index.php?rest_route=\/wp\/v2\/posts"}],"about":[{"href":"https:\/\/zonaroja.com.mx\/index.php?rest_route=\/wp\/v2\/types\/post"}],"author":[{"embeddable":true,"href":"https:\/\/zonaroja.com.mx\/index.php?rest_route=\/wp\/v2\/users\/2"}],"replies":[{"embeddable":true,"href":"https:\/\/zonaroja.com.mx\/index.php?rest_route=%2Fwp%2Fv2%2Fcomments&post=74358"}],"version-history":[{"count":1,"href":"https:\/\/zonaroja.com.mx\/index.php?rest_route=\/wp\/v2\/posts\/74358\/revisions"}],"predecessor-version":[{"id":74360,"href":"https:\/\/zonaroja.com.mx\/index.php?rest_route=\/wp\/v2\/posts\/74358\/revisions\/74360"}],"wp:featuredmedia":[{"embeddable":true,"href":"https:\/\/zonaroja.com.mx\/index.php?rest_route=\/wp\/v2\/media\/74359"}],"wp:attachment":[{"href":"https:\/\/zonaroja.com.mx\/index.php?rest_route=%2Fwp%2Fv2%2Fmedia&parent=74358"}],"wp:term":[{"taxonomy":"category","embeddable":true,"href":"https:\/\/zonaroja.com.mx\/index.php?rest_route=%2Fwp%2Fv2%2Fcategories&post=74358"},{"taxonomy":"post_tag","embeddable":true,"href":"https:\/\/zonaroja.com.mx\/index.php?rest_route=%2Fwp%2Fv2%2Ftags&post=74358"}],"curies":[{"name":"wp","href":"https:\/\/api.w.org\/{rel}","templated":true}]}}