{"id":74361,"date":"2024-11-11T09:30:00","date_gmt":"2024-11-11T15:30:00","guid":{"rendered":"https:\/\/zonaroja.com.mx\/?p=74361"},"modified":"2024-11-11T08:06:54","modified_gmt":"2024-11-11T14:06:54","slug":"otra-masacre-ahora-en-el-edomex-con-saldo-de-5-muertos-y-7-heridos","status":"publish","type":"post","link":"https:\/\/zonaroja.com.mx\/?p=74361","title":{"rendered":"Otra masacre, ahora en el Edomex, con saldo de 5 muertos y 7 heridos"},"content":{"rendered":"\n<p>Redacci\u00f3n\/Zona Roja Cdmx.<\/p>\n\n\n\n<p>Ciudad de M\u00e9xico, a 11 de noviembre de 2024.- Horas despu\u00e9s de que se registr\u00f3 el ataque al bar \u201cLos Cantaritos\u201d en Quer\u00e9taro, se ha registrado un nuevo episodio de violencia contra un bar, ahora en el Estado de M\u00e9xico.<\/p>\n\n\n\n<p>Los hechos ocurrieron entre las \u00faltimas horas del domingo y las primeras horas de este lunes 11 de noviembre, cuando un grupo de hombres armados irrumpi\u00f3 en el bar \u201cBling Bling\u201d, ubicado en San Francisco Tepojaco del municipio de Cuautitl\u00e1n Izcalli, junto al autolavado \u201cJireh\u201d.<\/p>\n\n\n\n<p>Los sujetos ingresaron al establecimiento y abrieron fuego contra los asistentes, dejando de manera preliminar un saldo de cinco personas muertas, entre ellas tres hombres y dos mujeres, y al menos siete heridos, que fueron trasladados de inmediato a hospitales cercanos.<\/p>\n\n\n\n<p>Seg\u00fan las primeras indagatorias, as\u00ed como mensajes an\u00f3nimos dejados en grupos de Facebook de Tepojaco, el ataque habr\u00eda sido dirigido espec\u00edficamente contra dos individuos conocidos como \u201cRichi\u201d y \u201cKevin\u201d, quienes presuntamente frecuentaban el lugar. Se desconoce si estos dos hombres resultaron entre los fallecidos o heridos. Entre las v\u00edctimas mortales se identific\u00f3 a Sarai Maldonado, quien trabajaba en el bar.<\/p>\n\n\n\n<p>Al lugar acudieron r\u00e1pidamente elementos de la Seguridad Ciudadana de Cuautitl\u00e1n Izcalli, Cruz Roja Mexicana y personal de Protecci\u00f3n Civil, quienes auxiliaron a las v\u00edctimas y aseguraron el \u00e1rea mientras la Fiscal\u00eda del Estado de M\u00e9xico (FGJEM) iniciaba las primeras investigaciones.<\/p>\n\n\n\n<p>Las versiones preliminares indican que varios hombres armados arribaron en veh\u00edculos al bar y, tras ingresar, dispararon indiscriminadamente contra los clientes.<\/p>\n\n\n\n<p>Hasta el momento, ninguna autoridad ha dado mayores detalles sobre estos hechos, pero se espera que en breve la Fiscal\u00eda General de Justicia del Estado de M\u00e9xico d\u00e9 informaci\u00f3n en breve.<\/p>\n\n\n\n<p>EN QUER\u00c9TARO<\/p>\n\n\n\n<p>El ataque al \u201cBling Bling\u201d en Cuautitl\u00e1n Izcalli recuerda al ocurrido horas antes en el bar \u201cLos Cantaritos\u201d en Quer\u00e9taro el s\u00e1bado 9 de noviembre, cuando hombres armados ingresaron al lugar y accionaron sus armas, dejando 10 muertos y 13 heridos.<\/p>\n\n\n\n<p>Seg\u00fan videos compartidos en redes sociales, un grupo de hombres armados arrib\u00f3 al establecimiento en una camioneta gris; tres de ellos descendieron con armas largas y dos entraron al local, mientras el tercero se qued\u00f3 en la entrada.<\/p>\n\n\n\n<p>Sin previo aviso, comenzaron a disparar indiscriminadamente contra los clientes, quienes intentaron resguardarse bajo las mesas y otros muebles. La agresi\u00f3n fue brutal y breve: en aproximadamente 25 segundos, los agresores dispararon y huyeron del lugar, dejando una escena devastadora.<\/p>\n\n\n\n<p>(Informaci\u00f3n de Infobae M\u00e9xico)<\/p>\n","protected":false},"excerpt":{"rendered":"<p>Redacci\u00f3n\/Zona Roja Cdmx. Ciudad de M\u00e9xico, a 11 de noviembre de 2024.- Horas despu\u00e9s de&hellip;<\/p>\n","protected":false},"author":2,"featured_media":74362,"comment_status":"closed","ping_status":"open","sticky":false,"template":"","format":"standard","meta":{"_lmt_disableupdate":"","_lmt_disable":"","_jetpack_memberships_contains_paid_content":false,"footnotes":""},"categories":[109,51],"tags":[4110],"class_list":["post-74361","post","type-post","status-publish","format-standard","has-post-thumbnail","hentry","category-minuto-a-minuto","category-zona-roja","tag-cuautitlan-izcalli"],"jetpack_featured_media_url":"https:\/\/zonaroja.com.mx\/wp-content\/uploads\/2024\/11\/Masacre-Cuautitlan-Izcalli-Edomex.jpg.avif","jetpack_sharing_enabled":true,"_links":{"self":[{"href":"https:\/\/zonaroja.com.mx\/index.php?rest_route=\/wp\/v2\/posts\/74361","targetHints":{"allow":["GET"]}}],"collection":[{"href":"https:\/\/zonaroja.com.mx\/index.php?rest_route=\/wp\/v2\/posts"}],"about":[{"href":"https:\/\/zonaroja.com.mx\/index.php?rest_route=\/wp\/v2\/types\/post"}],"author":[{"embeddable":true,"href":"https:\/\/zonaroja.com.mx\/index.php?rest_route=\/wp\/v2\/users\/2"}],"replies":[{"embeddable":true,"href":"https:\/\/zonaroja.com.mx\/index.php?rest_route=%2Fwp%2Fv2%2Fcomments&post=74361"}],"version-history":[{"count":1,"href":"https:\/\/zonaroja.com.mx\/index.php?rest_route=\/wp\/v2\/posts\/74361\/revisions"}],"predecessor-version":[{"id":74363,"href":"https:\/\/zonaroja.com.mx\/index.php?rest_route=\/wp\/v2\/posts\/74361\/revisions\/74363"}],"wp:featuredmedia":[{"embeddable":true,"href":"https:\/\/zonaroja.com.mx\/index.php?rest_route=\/wp\/v2\/media\/74362"}],"wp:attachment":[{"href":"https:\/\/zonaroja.com.mx\/index.php?rest_route=%2Fwp%2Fv2%2Fmedia&parent=74361"}],"wp:term":[{"taxonomy":"category","embeddable":true,"href":"https:\/\/zonaroja.com.mx\/index.php?rest_route=%2Fwp%2Fv2%2Fcategories&post=74361"},{"taxonomy":"post_tag","embeddable":true,"href":"https:\/\/zonaroja.com.mx\/index.php?rest_route=%2Fwp%2Fv2%2Ftags&post=74361"}],"curies":[{"name":"wp","href":"https:\/\/api.w.org\/{rel}","templated":true}]}}