{"id":74364,"date":"2024-11-11T11:30:00","date_gmt":"2024-11-11T17:30:00","guid":{"rendered":"https:\/\/zonaroja.com.mx\/?p=74364"},"modified":"2024-11-11T08:31:27","modified_gmt":"2024-11-11T14:31:27","slug":"vinculan-a-proceso-a-presunto-feminicida-de-judith-vianney","status":"publish","type":"post","link":"https:\/\/zonaroja.com.mx\/?p=74364","title":{"rendered":"Vinculan a proceso a presunto feminicida de Judith Vianney"},"content":{"rendered":"\n<p>Raymundo Morales\/Zona Roja.<\/p>\n\n\n\n<p>Oaxaca de Ju\u00e1rez, Oax., a 11 de noviembre de 2024.- Tras las pruebas presentadas por la Fiscal\u00eda General del Estado de Oaxaca, un juez del Poder Judicial vincul\u00f3 a proceso a V. A. C., bajo el delito de feminicidio agravado, en contra de la enfermera Judith Vianney T. S.<\/p>\n\n\n\n<p>Como se recordar\u00e1, la joven desapareci\u00f3 el pasado 21 de octubre, tras salir de sus labores en el hospital \u201cPresidente Ju\u00e1rez\u201d del ISSSTE, en la ciudad de Oaxaca.<\/p>\n\n\n\n<p>Luego de la denuncia de la familia se emiti\u00f3 la ficha de b\u00fasqueda correspondiente; ante lo que consider\u00f3 tardanza para la localizaci\u00f3n, la familia efectu\u00f3 una marcha y posteriormente una conferencia de prensa.<\/p>\n\n\n\n<p>Fue el 2 de noviembre en que, mediante un operativo coordinado, personal de la Fiscal\u00eda hall\u00f3 en un predio de Xoxocotl\u00e1n un cuerpo enterrado clandestinamente.<\/p>\n\n\n\n<p>Asimismo, detuvo en el sitio a V. A. C., quien neg\u00f3 primero los hechos y asegur\u00f3 que la joven, de 29 a\u00f1os de edad, se golpe\u00f3 la cabeza y por miedo la inhum\u00f3 clandestinamente.<\/p>\n\n\n\n<p>No obstante, de acuerdo con las investigaciones de la Fiscal\u00eda, el sujeto, compa\u00f1ero de trabajo en el ISSSTE, recogi\u00f3 ese d\u00eda a Vianney y se la llev\u00f3 con rumbo a San Andr\u00e9s Huay\u00e1pam y despu\u00e9s a Xoxocotl\u00e1n, donde le habr\u00eda dado muerte por asfixia.<\/p>\n\n\n\n<p>Este domingo, tras una audiencia de unas 12 horas, el individuo fue vinculado a proceso y tambi\u00e9n se le decret\u00f3 prisi\u00f3n preventiva.<\/p>\n","protected":false},"excerpt":{"rendered":"<p>Raymundo Morales\/Zona Roja. Oaxaca de Ju\u00e1rez, Oax., a 11 de noviembre de 2024.- Tras las&hellip;<\/p>\n","protected":false},"author":2,"featured_media":74107,"comment_status":"closed","ping_status":"open","sticky":false,"template":"","format":"standard","meta":{"_lmt_disableupdate":"","_lmt_disable":"","_jetpack_memberships_contains_paid_content":false,"footnotes":""},"categories":[109,47],"tags":[4097],"class_list":["post-74364","post","type-post","status-publish","format-standard","has-post-thumbnail","hentry","category-minuto-a-minuto","category-zona-gris","tag-judith-vianney-toledo-santos"],"jetpack_featured_media_url":"https:\/\/zonaroja.com.mx\/wp-content\/uploads\/2024\/11\/Detenido-caso-Judith-Vianney.jpg","jetpack_sharing_enabled":true,"_links":{"self":[{"href":"https:\/\/zonaroja.com.mx\/index.php?rest_route=\/wp\/v2\/posts\/74364","targetHints":{"allow":["GET"]}}],"collection":[{"href":"https:\/\/zonaroja.com.mx\/index.php?rest_route=\/wp\/v2\/posts"}],"about":[{"href":"https:\/\/zonaroja.com.mx\/index.php?rest_route=\/wp\/v2\/types\/post"}],"author":[{"embeddable":true,"href":"https:\/\/zonaroja.com.mx\/index.php?rest_route=\/wp\/v2\/users\/2"}],"replies":[{"embeddable":true,"href":"https:\/\/zonaroja.com.mx\/index.php?rest_route=%2Fwp%2Fv2%2Fcomments&post=74364"}],"version-history":[{"count":1,"href":"https:\/\/zonaroja.com.mx\/index.php?rest_route=\/wp\/v2\/posts\/74364\/revisions"}],"predecessor-version":[{"id":74365,"href":"https:\/\/zonaroja.com.mx\/index.php?rest_route=\/wp\/v2\/posts\/74364\/revisions\/74365"}],"wp:featuredmedia":[{"embeddable":true,"href":"https:\/\/zonaroja.com.mx\/index.php?rest_route=\/wp\/v2\/media\/74107"}],"wp:attachment":[{"href":"https:\/\/zonaroja.com.mx\/index.php?rest_route=%2Fwp%2Fv2%2Fmedia&parent=74364"}],"wp:term":[{"taxonomy":"category","embeddable":true,"href":"https:\/\/zonaroja.com.mx\/index.php?rest_route=%2Fwp%2Fv2%2Fcategories&post=74364"},{"taxonomy":"post_tag","embeddable":true,"href":"https:\/\/zonaroja.com.mx\/index.php?rest_route=%2Fwp%2Fv2%2Ftags&post=74364"}],"curies":[{"name":"wp","href":"https:\/\/api.w.org\/{rel}","templated":true}]}}