{"id":74366,"date":"2024-11-11T10:34:00","date_gmt":"2024-11-11T16:34:00","guid":{"rendered":"https:\/\/zonaroja.com.mx\/?p=74366"},"modified":"2024-11-11T10:51:41","modified_gmt":"2024-11-11T16:51:41","slug":"opinion-dos-anos-de-primavera-oaxaquena","status":"publish","type":"post","link":"https:\/\/zonaroja.com.mx\/?p=74366","title":{"rendered":"Opini\u00f3n. Dos a\u00f1os de \u201cprimavera oaxaque\u00f1a\u201d"},"content":{"rendered":"\n<p>Ismael Garc\u00eda M.\/Zona Roja.<\/p>\n\n\n\n<p>Oaxaca, Oax., a 11 de noviembre de 2024.- El pr\u00f3ximo viernes, el titular del Poder Ejecutivo de Oaxaca, Salom\u00f3n Jara Cruz, deber\u00e1 entregar o enviar su segundo informe de gobierno al Congreso del Estado.<\/p>\n\n\n\n<p>El 1 de diciembre arrancar\u00e1 su tercer a\u00f1o de ejercicio legal y cuando cumpla la mitad de su mandato, como asegur\u00f3 desde la campa\u00f1a pol\u00edtica, se pondr\u00e1 a disposici\u00f3n de los oaxaque\u00f1os, a trav\u00e9s de una consulta popular, si continua o no la otra mitad del sexenio.<\/p>\n\n\n\n<p>Sim embargo, para mejorar el desempe\u00f1o gubernamental, tendr\u00e1 que realizar una serie de cambios en su gabinete, pues muchos funcionarios est\u00e1n m\u00e1s interesados en su futuro pol\u00edtico-electoral que en realizar su trabajo.<\/p>\n\n\n\n<p>M\u00e1s ahora que, ya desatada la fiebre de la sucesi\u00f3n, se intensificar\u00e1n los pleitos internos en el gabinete, para buscar ser el elegido para el 2028.<\/p>\n\n\n\n<p>\u00bfHar\u00e1 los cambios necesarios Salom\u00f3n Jara a partir del tercer a\u00f1o de su gobierno? O seguir\u00e1 pagando las cuotas pol\u00edticas, a pesar de las traiciones internas y los errores de sus funcionarios.<\/p>\n\n\n\n<p>\u201cDE TERRITORIO\u201d<\/p>\n\n\n\n<p>De poco sirve si la cabeza principal, es decir el gobernador, recorre media semana las regiones e inicia sus actividades a las seis de la ma\u00f1ana, si no tiene un equipo que trabaje a su ritmo y d\u00e9 resultados.<\/p>\n\n\n\n<p>Porque el mandatario, seg\u00fan lo difunde en sus propias redes sociales, llega al Palacio a las seis de la ma\u00f1ana y cuando est\u00e1 ah\u00ed, encabeza primero reuniones de mesa de seguridad; atiende audiencias y despacha asuntos, ademas de presidir reuniones de gabinete de manera continua, para evaluar avances.<\/p>\n\n\n\n<p>De mi\u00e9rcoles hasta el fin de semana, recorre los municipios, supuestamente con el acompa\u00f1amiento de titulares de diversas \u00e1reas.<\/p>\n\n\n\n<p>Apenas el pasado s\u00e1bado tuvo una serie de actividades, entre ellas la inauguraci\u00f3n del parque \u201cPrimavera\u201d y dos obras de rehabilitaci\u00f3n para luego presidir una reuni\u00f3n de gabinete, mientras que el domingo acudi\u00f3 a San Pedro Huamelula.<\/p>\n\n\n\n<p>CAMBIOS NECESARIOS<\/p>\n\n\n\n<p>En la pol\u00edtica interna del gobierno, a\u00fan cuando se prometi\u00f3 un cambio en la atenci\u00f3n a las problem\u00e1ticas sociales, de poco ha servido tener un equipo en las calles, principalmente en la capital y zona metropolitana, para tratar de frenar las protestas.<\/p>\n\n\n\n<p>De acuerdo con la versi\u00f3n del secretario de Gobierno, en el gobierno de la llamada \u201cprimavera oaxaque\u00f1a\u201d, se han reducido en un 80 por ciento las protestas y bloqueos carreteros.<\/p>\n\n\n\n<p>Pero tambi\u00e9n las propias cifras de Jes\u00fas Romero L\u00f3pez aceptan que hay un promedio diario de dos protestas, por cualquier tipo de situaci\u00f3n, sea o no responsabilidad de la autoridad estatal.<\/p>\n\n\n\n<p>Y abarcar distintos temas ajenos a su encargo, con afanes medi\u00e1ticos -como virtual vocero de la Fiscal\u00eda General, de Seguridad P\u00fablica, de la Secretar\u00eda del Medio Ambiente, entre otros\u2014, ha llevado a Romero a cosechar m\u00e1s cr\u00edticas que elogios.<\/p>\n\n\n\n<p>Poca eficacia ha tenido tambi\u00e9n la Coordinaci\u00f3n de Delegados de Paz, que a\u00fan encabeza Donato Vargas Jim\u00e9nez, pues todas las inconformidades, de cualquier regi\u00f3n del estado, estallan y no tienen la atenci\u00f3n preventiva.<\/p>\n\n\n\n<p>Funcionario que ha tenido m\u00e1s negativos, por los se\u00f1alamientos en su contra, que por su labor de mediaci\u00f3n y de conciliaci\u00f3n; no hay resultados a la vista y son cotidianas las protestas sociales; lo dice la realidad, no las cifras o las declaraciones.<\/p>\n\n\n\n<p>La seguridad p\u00fablica es otro tema toral, que ha llevado al plano nacional e internacional a Oaxaca.<\/p>\n\n\n\n<p>Muchos hechos de extrema violencia (como la masacre de escoltas de Marcos S\u00e1nchez, el pasado jueves) no son casuales y s\u00ed dan cuenta de la extrema urgencia de incrementar las acciones preventivas y el combate a los delitos.<\/p>\n\n\n\n<p>Efectivamente, los delitos de alto impacto como el narcotr\u00e1fico y el tr\u00e1fico de migrantes, son federales pero se supone que hay estrecha coordinaci\u00f3n con las autoridades federales para frenarlos. Y por cierto, no se ve por ning\u00fan lado la actuaci\u00f3n de las autoridades municipales. <\/p>\n\n\n\n<p>El capit\u00e1n Iv\u00e1n Garc\u00eda, con toda su experiencia de marino y su labor desde el interior del estado no ha logrado consolidar la instituci\u00f3n y en cambio ha enfrentado pol\u00e9micas, como la grabaci\u00f3n de un video de la UPOE, que vali\u00f3 la destituci\u00f3n de al menos tres mandos.<\/p>\n\n\n\n<p>Apenas este domingo, el Arzobispo de Antequera Oaxaca, Pedro V\u00e1zquez, resumi\u00f3 la situaci\u00f3n:&nbsp;<\/p>\n\n\n\n<p>\u201cMentimos si decimos que hay paz en Oaxaca, no es cierto, no hay paz, queremos la paz, pero no la hay, hay diferentes puntos donde no hay paz, no mintamos, no cerremos los ojos a la realidad que estamos viviendo y si abrimos nuestros ojos al pa\u00eds, all\u00ed est\u00e1 presente la violencia. Triste, triste realidad, est\u00e1 presente la pobreza, est\u00e1n presentes las injusticias, est\u00e1 presente la p\u00e9rdida de los valores, ya no se respeta la vida\u2026\u201d.<\/p>\n\n\n\n<p>Queda a deber tambi\u00e9n la secretaria de las Mujeres \u2014segunda en el cargo\u2014, Anah\u00ed Sarmiento, que al igual que sus antecesoras, Elisa Zepeda y en el sexenio priista Ana V\u00e1squez, ha optado por posar \u00fanicamente para las fotos en redes sociales pero nada de acci\u00f3n; en contraparte, los asesinatos violentos de mujeres y la violencia familiar, van al alza, lo que desmiente los programas gubernamentales respectivos.<\/p>\n\n\n\n<p>\u00bfAlguien sabe en d\u00f3nde est\u00e1 la secretaria del Medio Ambiente, Karime Unda Harp? Graciosa, opt\u00f3 por olvidarse del tema del CIRRSU (tiradero de basura) y dej\u00f3 que se lo arrogara la Secretar\u00eda de Gobierno; en la contaminaci\u00f3n de r\u00edos, nada ha hecho.<\/p>\n\n\n\n<p>O la secretaria de Movilidad, Claudina De Gyves, que cree que toda la responsabilidad de su cargo es tener un transporte p\u00fablico como el Citybus, competencia del transporte for\u00e1neo, pero ha dejado en el olvido las graves irregularidades en el sector.<\/p>\n\n\n\n<p>O Netzahualc\u00f3yotl Salvatierra, quien extra\u00f1amente sigue encubriendo al gobierno de Alejandro Murat en las graves irregularidades en la obra p\u00fablica, mientras que en este sexenio ha dado escasos resultados.<\/p>\n\n\n\n<p>Sigue tambi\u00e9n favoreciendo a contratistas y empresas de su predilecci\u00f3n y del pasado priista, principalmente for\u00e1neas.<\/p>\n\n\n\n<p>\u00bfSalud? No hay d\u00eda en que no haya quejas en contra del sector salud, cuyo encargado, Emmanuel Jarqu\u00edn, simplemente no se ve por ning\u00fan lado. C\u00f3modo, ha optado por dejar todos los problemas \u2014ah\u00ed est\u00e1 el caso del Hospital Civil\u2014 al IMSS Bienestar, organismo federal sin pies ni cabeza, que finalmente se har\u00e1 cargo de esta \u00e1rea.<\/p>\n\n\n\n<p>Largo espacio se requiere tambi\u00e9n para quienes navegan en la inmovilidad: Nadie sabe qu\u00e9 hace el secretario de Desarrollo Econ\u00f3mico, el empresario Ra\u00fal Ruiz, como tampoco titulares de la Secretar\u00eda de Bienestar, Luz Hern\u00e1ndez Rojas.<\/p>\n\n\n\n<p>El secretario de Cultura, V\u00edctor V\u00e1squez (Cata) y la secretaria de Interculturalidad, Bertha Ruth Arreola, creen que con organizar Guelaguetzas regionales ya cumplieron su labor.&nbsp;<\/p>\n\n\n\n<p>El director del IEEPO, Emilio Montero, sigue m\u00e1s preocupado por las actividades pol\u00edticas \u2014como este domingo en que particip\u00f3 en un mitin de Morena\u2014 que en entender las graves problem\u00e1ticas educativas, mientras que la secretaria de Educaci\u00f3n, Delfina Guzm\u00e1n, no tiene absolutamente nada que hacer en una instituci\u00f3n que tampoco tiene raz\u00f3n de ser.<\/p>\n\n\n\n<p>Por supuesto, faltan muchas dependencias m\u00e1s por revisar, entre ellos los organismos.<\/p>\n\n\n\n<p>ANTECESOR IMPUNE<\/p>\n\n\n\n<p>\u00bfY qu\u00e9 pas\u00f3 con la \u201cgrave corrupci\u00f3n\u201d en el gobierno que encabez\u00f3 el ex priista hoy morenista Alejandro Murat Hinojosa?<\/p>\n\n\n\n<p>Pues seguir\u00e1n surgiendo las declaraciones y las acusaciones pero, lamentablemente, el hijo de Jos\u00e9 Murat seguir\u00e1 impune, protegido por Andr\u00e9s Manuel L\u00f3pez Obrador y encargado a Claudia Sheinbuam para mantenerse intocable.<\/p>\n\n\n\n<p>Largo ser\u00eda tambi\u00e9n enumerar las obras inconclusas y los desfalcos financieros, pero no pasa ni pasar\u00e1 nada; los escasos funcionarios detenidos, son de rango menor. \u00bf\u201cC\u00e1rtel del despojo\u201d?\u2026 pues intacto.<\/p>\n\n\n\n<p>Lo cierto es que en el tercer a\u00f1o de gobierno, el mandatario Salom\u00f3n Jara Cruz tiene el reto de mejorar el desempe\u00f1o de la administraci\u00f3n p\u00fablica y para lo cual tendr\u00e1 que dar un golpe de tim\u00f3n.<\/p>\n\n\n\n<p>De lo contrario, a la mitad de su gobierno no podr\u00e1 enfrentar con \u00e9xito la consulta sobre la revocaci\u00f3n de mandato.<\/p>\n","protected":false},"excerpt":{"rendered":"<p>Ismael Garc\u00eda M.\/Zona Roja. Oaxaca, Oax., a 11 de noviembre de 2024.- El pr\u00f3ximo viernes,&hellip;<\/p>\n","protected":false},"author":2,"featured_media":67764,"comment_status":"closed","ping_status":"open","sticky":false,"template":"","format":"standard","meta":{"_lmt_disableupdate":"","_lmt_disable":"","_jetpack_memberships_contains_paid_content":false,"footnotes":""},"categories":[456,109,48],"tags":[1353],"class_list":["post-74366","post","type-post","status-publish","format-standard","has-post-thumbnail","hentry","category-columna","category-minuto-a-minuto","category-zona-critica","tag-opinion-zona-critica"],"jetpack_featured_media_url":"https:\/\/zonaroja.com.mx\/wp-content\/uploads\/2024\/04\/Opinion-Zona-Roja-Ismael-Garcia.jpg","jetpack_sharing_enabled":true,"_links":{"self":[{"href":"https:\/\/zonaroja.com.mx\/index.php?rest_route=\/wp\/v2\/posts\/74366","targetHints":{"allow":["GET"]}}],"collection":[{"href":"https:\/\/zonaroja.com.mx\/index.php?rest_route=\/wp\/v2\/posts"}],"about":[{"href":"https:\/\/zonaroja.com.mx\/index.php?rest_route=\/wp\/v2\/types\/post"}],"author":[{"embeddable":true,"href":"https:\/\/zonaroja.com.mx\/index.php?rest_route=\/wp\/v2\/users\/2"}],"replies":[{"embeddable":true,"href":"https:\/\/zonaroja.com.mx\/index.php?rest_route=%2Fwp%2Fv2%2Fcomments&post=74366"}],"version-history":[{"count":2,"href":"https:\/\/zonaroja.com.mx\/index.php?rest_route=\/wp\/v2\/posts\/74366\/revisions"}],"predecessor-version":[{"id":74374,"href":"https:\/\/zonaroja.com.mx\/index.php?rest_route=\/wp\/v2\/posts\/74366\/revisions\/74374"}],"wp:featuredmedia":[{"embeddable":true,"href":"https:\/\/zonaroja.com.mx\/index.php?rest_route=\/wp\/v2\/media\/67764"}],"wp:attachment":[{"href":"https:\/\/zonaroja.com.mx\/index.php?rest_route=%2Fwp%2Fv2%2Fmedia&parent=74366"}],"wp:term":[{"taxonomy":"category","embeddable":true,"href":"https:\/\/zonaroja.com.mx\/index.php?rest_route=%2Fwp%2Fv2%2Fcategories&post=74366"},{"taxonomy":"post_tag","embeddable":true,"href":"https:\/\/zonaroja.com.mx\/index.php?rest_route=%2Fwp%2Fv2%2Ftags&post=74366"}],"curies":[{"name":"wp","href":"https:\/\/api.w.org\/{rel}","templated":true}]}}