{"id":74370,"date":"2024-11-11T12:23:00","date_gmt":"2024-11-11T18:23:00","guid":{"rendered":"https:\/\/zonaroja.com.mx\/?p=74370"},"modified":"2024-11-11T09:24:06","modified_gmt":"2024-11-11T15:24:06","slug":"dos-operadores-de-los-chapitos-son-detenidos-uno-en-mexico-y-otro-en-espana","status":"publish","type":"post","link":"https:\/\/zonaroja.com.mx\/?p=74370","title":{"rendered":"Dos operadores de los \u00abChapitos\u00bb son detenidos; uno en M\u00e9xico y otro en Espa\u00f1a"},"content":{"rendered":"\n<p>Redacci\u00f3n\/Zona Roja Cdmx.<\/p>\n\n\n\n<p>Ciudad de M\u00e9xico, a 11 de noviembre de 2024.- Dos de operadores, un qu\u00edmico y un jefe de plaza del grupo criminal de \u00abLos Chapitos\u00bb fueron detenidos seg\u00fan se inform\u00f3 este viernes, uno de ellos en Espa\u00f1a y otro en Caborca, Sonora.<\/p>\n\n\n\n<p>Mientras la Polic\u00eda Nacional de Espa\u00f1a inform\u00f3 este viernes que el qu\u00edmico perteneciente al C\u00e1rtel de Sinaloa, que viaj\u00f3 expresamente desde M\u00e9xico para tratar de expandir sus influencias en Espa\u00f1a, fue detenido en el municipio espa\u00f1ol de Toledo, en M\u00e9xico, la Secretar\u00eda de la Defensa Nacional (Sedena) logr\u00f3 la detenci\u00f3n de Ram\u00f3n \u201cN\u201d, alias \u201cEl Kiki\u201d, jefe operativo, financiero y segundo al mando del grupo delictivo \u201cLos Pelones\u201d af\u00edn a \u201cLos Chapitos\u201d del \u201cC\u00e1rtel del Pac\u00edfico\u201d.<\/p>\n\n\n\n<p>Sobre la detenci\u00f3n del qu\u00edmico aliado a \u00abLos Chapitos\u00bb, la polic\u00eda espa\u00f1ola detall\u00f3 que \u00e9sta se llev\u00f3 acabo luego de que desde julio inici\u00f3 una investigaci\u00f3n sobre la existencia de un posible punto de narcotr\u00e1fico en una vivienda situada en el municipio toledano de Yuncos.<\/p>\n\n\n\n<p>Fue as\u00ed que tras varias gestiones, los investigadores comprobaron el inusual trasiego de personas y veh\u00edculos, ampliando las vigilancias alrededor de ese lugar, identificando dos laboratorios, ubicados en lugares aislados y bajo distintas medidas de seguridad, uno de ellos dedicado a la producci\u00f3n de metanfetamina y otro de coca\u00edna.<\/p>\n\n\n\n<p>Tras la intervenci\u00f3n de las autoridades fueron detenidas 16 personas, entre ellas el qu\u00edmico mexicano, a quienes les fueron incautados 6.5 kilos de metanfetamina, 31 kilos de clorhidrato de coca\u00edna, 125 kilos de coca\u00edna base, 10 kilos de efedrina, 7.500 litros de precursores y m\u00e1s de 21.000 euros en efectivo.<\/p>\n\n\n\n<p>Respecto a la detenci\u00f3n de Ram\u00f3n \u00abN\u00bb, alias \u00abEl Kiki\u201d, la Sedena detall\u00f3 que su detenci\u00f3n se llev\u00f3 a cabo luego de que se cumpliment\u00f3 una orden t\u00e9cnica de investigaci\u00f3n en un inmueble ubicado en Caborca, Sonora.<\/p>\n\n\n\n<p>A \u00abEl Kiki\u00bb, identificado como generador de violencia en Sonora, le fueron aseguradas tres armas de alto poder, cuatro cargadores, m\u00e1s de 300 cartuchos, drogas y dos veh\u00edculos.<\/p>\n\n\n\n<p>A \u00abEl Kiki\u00bb se le se\u00f1ala de haber mantenido alianzas con Eric Jes\u00fas, alias \u00abDelta 1\u00bb, jefe delictivo de los \u00abDeltas\u00bb en Sonora, grupo criminal que se mantiene en disputa con \u00abLos Salazar\u00bb, \u00abLos Cuzas\u00bb y Los \u00abAlfas\u00bb, facciones contrarias a \u00abLos Chapitos\u00bb, quienes pelean el control del trasiego de droga y tr\u00e1fico de indocumentados.<\/p>\n\n\n\n<p>(Informaci\u00f3n de \u201cExpansi\u00f3n Pol\u00edtica\u201d)<\/p>\n","protected":false},"excerpt":{"rendered":"<p>Redacci\u00f3n\/Zona Roja Cdmx. Ciudad de M\u00e9xico, a 11 de noviembre de 2024.- Dos de operadores,&hellip;<\/p>\n","protected":false},"author":2,"featured_media":64184,"comment_status":"closed","ping_status":"open","sticky":false,"template":"","format":"standard","meta":{"_lmt_disableupdate":"","_lmt_disable":"","_jetpack_memberships_contains_paid_content":false,"footnotes":""},"categories":[109,47],"tags":[],"class_list":["post-74370","post","type-post","status-publish","format-standard","has-post-thumbnail","hentry","category-minuto-a-minuto","category-zona-gris"],"jetpack_featured_media_url":"https:\/\/zonaroja.com.mx\/wp-content\/uploads\/2024\/01\/Crimen-violencia-escena.jpeg","jetpack_sharing_enabled":true,"_links":{"self":[{"href":"https:\/\/zonaroja.com.mx\/index.php?rest_route=\/wp\/v2\/posts\/74370","targetHints":{"allow":["GET"]}}],"collection":[{"href":"https:\/\/zonaroja.com.mx\/index.php?rest_route=\/wp\/v2\/posts"}],"about":[{"href":"https:\/\/zonaroja.com.mx\/index.php?rest_route=\/wp\/v2\/types\/post"}],"author":[{"embeddable":true,"href":"https:\/\/zonaroja.com.mx\/index.php?rest_route=\/wp\/v2\/users\/2"}],"replies":[{"embeddable":true,"href":"https:\/\/zonaroja.com.mx\/index.php?rest_route=%2Fwp%2Fv2%2Fcomments&post=74370"}],"version-history":[{"count":1,"href":"https:\/\/zonaroja.com.mx\/index.php?rest_route=\/wp\/v2\/posts\/74370\/revisions"}],"predecessor-version":[{"id":74371,"href":"https:\/\/zonaroja.com.mx\/index.php?rest_route=\/wp\/v2\/posts\/74370\/revisions\/74371"}],"wp:featuredmedia":[{"embeddable":true,"href":"https:\/\/zonaroja.com.mx\/index.php?rest_route=\/wp\/v2\/media\/64184"}],"wp:attachment":[{"href":"https:\/\/zonaroja.com.mx\/index.php?rest_route=%2Fwp%2Fv2%2Fmedia&parent=74370"}],"wp:term":[{"taxonomy":"category","embeddable":true,"href":"https:\/\/zonaroja.com.mx\/index.php?rest_route=%2Fwp%2Fv2%2Fcategories&post=74370"},{"taxonomy":"post_tag","embeddable":true,"href":"https:\/\/zonaroja.com.mx\/index.php?rest_route=%2Fwp%2Fv2%2Ftags&post=74370"}],"curies":[{"name":"wp","href":"https:\/\/api.w.org\/{rel}","templated":true}]}}