{"id":74372,"date":"2024-11-11T00:25:00","date_gmt":"2024-11-11T06:25:00","guid":{"rendered":"https:\/\/zonaroja.com.mx\/?p=74372"},"modified":"2024-11-11T09:36:43","modified_gmt":"2024-11-11T15:36:43","slug":"inician-en-oaxaca-jornada-pacifica-por-sandra-dominguez","status":"publish","type":"post","link":"https:\/\/zonaroja.com.mx\/?p=74372","title":{"rendered":"Inician en Oaxaca jornada pac\u00edfica por Sandra Dom\u00ednguez\u00a0"},"content":{"rendered":"\n<p>Raymundo Morales\/Zona Roja.<\/p>\n\n\n\n<p>Oaxaca de Ju\u00e1rez, Oax., a 11 de noviembre de 2024.- La asociaci\u00f3n civil Consorcio Oaxaca, inicia una jornada en apoyo a la lucha que sostiene la familia para exigir la aparici\u00f3n con vida de Sandra Est\u00e9fana Dom\u00ednguez.<\/p>\n\n\n\n<p>La joven fue desaparecida el pasado 4 de octubre y desde entonces, pese a los operativos de b\u00fasqueda, no se ha dado con su paradero y el de su pareja Alexander Hern\u00e1ndez Hern\u00e1ndez.<\/p>\n\n\n\n<p>En el marco del \u201cplant\u00f3n\u201d indefinido que inici\u00f3 la familia el pasado mi\u00e9rcoles, este d\u00eda habr\u00e1 en Radio Plat\u00f3n, en la frecuencia 92.3 de FM, una \u201cCompartancia Radial\u201d, de 14:00 a 18:00 horas.<\/p>\n\n\n\n<p>Ma\u00f1ana de 16:00 a 18:00 horas se efectuar\u00e1 una lectura de poes\u00eda, frente al Palacio de Gobierno; el mi\u00e9rcoles se program\u00f3 una exposici\u00f3n gr\u00e1fica y pict\u00f3rica, de 16:00 a 18:00 horas.<\/p>\n\n\n\n<p>El fin de semana, un grupo de j\u00f3venes de Chiapas, Veracruz y Michoac\u00e1n, de Brigada Marabunta, acudi\u00f3 a visitar a los familiares de Sandra Dom\u00ednguez en el \u201cplant\u00f3n\u201d.&nbsp;<\/p>\n\n\n\n<p>Tambien estuvieron madres v\u00edctimas de feminicidio, entre ellas Soledad Jarqu\u00edn Edgar, para expresarles su solidaridad.<\/p>\n\n\n\n<p>\u00bfSE DESISTI\u00d3?<\/p>\n\n\n\n<p>Una de las l\u00edneas de investigaci\u00f3n que abarc\u00f3 la Fiscal\u00eda General del Estado de Oaxaca, fue la acusaci\u00f3n que hizo Sandra Dom\u00ednguez el 14 de marzo de 2023 en contra de Donato Vargas Jim\u00e9nez, actual titular de la Coordinaci\u00f3n de Delegados de Paz, por participar en un chat en que se violentaba a las mujeres.<\/p>\n\n\n\n<p>Sin embargo, de acuerdo con abogados que llevan el caso, hay un documento en la Fiscal\u00eda, firmado con su pu\u00f1o y letra, en que consta el desistimiento de la joven en contra de Donato Vargas y Eliel Inocente.<\/p>\n\n\n\n<p>En su lugar, se\u00f1ala a una persona identificada con las iniciales R. B. P., a quien pide contin\u00fae el proceso en su contra como responsable del manejo del chat de contenido sexual.<\/p>\n","protected":false},"excerpt":{"rendered":"<p>Raymundo Morales\/Zona Roja. Oaxaca de Ju\u00e1rez, Oax., a 11 de noviembre de 2024.- La asociaci\u00f3n&hellip;<\/p>\n","protected":false},"author":2,"featured_media":74339,"comment_status":"closed","ping_status":"open","sticky":false,"template":"","format":"standard","meta":{"_lmt_disableupdate":"","_lmt_disable":"","_jetpack_memberships_contains_paid_content":false,"footnotes":""},"categories":[109,47],"tags":[4086],"class_list":["post-74372","post","type-post","status-publish","format-standard","has-post-thumbnail","hentry","category-minuto-a-minuto","category-zona-gris","tag-sandra-dominguez"],"jetpack_featured_media_url":"https:\/\/zonaroja.com.mx\/wp-content\/uploads\/2024\/11\/Familiares-de-Sandra-Dominguez-planton.jpg","jetpack_sharing_enabled":true,"_links":{"self":[{"href":"https:\/\/zonaroja.com.mx\/index.php?rest_route=\/wp\/v2\/posts\/74372","targetHints":{"allow":["GET"]}}],"collection":[{"href":"https:\/\/zonaroja.com.mx\/index.php?rest_route=\/wp\/v2\/posts"}],"about":[{"href":"https:\/\/zonaroja.com.mx\/index.php?rest_route=\/wp\/v2\/types\/post"}],"author":[{"embeddable":true,"href":"https:\/\/zonaroja.com.mx\/index.php?rest_route=\/wp\/v2\/users\/2"}],"replies":[{"embeddable":true,"href":"https:\/\/zonaroja.com.mx\/index.php?rest_route=%2Fwp%2Fv2%2Fcomments&post=74372"}],"version-history":[{"count":1,"href":"https:\/\/zonaroja.com.mx\/index.php?rest_route=\/wp\/v2\/posts\/74372\/revisions"}],"predecessor-version":[{"id":74373,"href":"https:\/\/zonaroja.com.mx\/index.php?rest_route=\/wp\/v2\/posts\/74372\/revisions\/74373"}],"wp:featuredmedia":[{"embeddable":true,"href":"https:\/\/zonaroja.com.mx\/index.php?rest_route=\/wp\/v2\/media\/74339"}],"wp:attachment":[{"href":"https:\/\/zonaroja.com.mx\/index.php?rest_route=%2Fwp%2Fv2%2Fmedia&parent=74372"}],"wp:term":[{"taxonomy":"category","embeddable":true,"href":"https:\/\/zonaroja.com.mx\/index.php?rest_route=%2Fwp%2Fv2%2Fcategories&post=74372"},{"taxonomy":"post_tag","embeddable":true,"href":"https:\/\/zonaroja.com.mx\/index.php?rest_route=%2Fwp%2Fv2%2Ftags&post=74372"}],"curies":[{"name":"wp","href":"https:\/\/api.w.org\/{rel}","templated":true}]}}