{"id":74375,"date":"2024-11-11T17:25:47","date_gmt":"2024-11-11T23:25:47","guid":{"rendered":"https:\/\/zonaroja.com.mx\/?p=74375"},"modified":"2024-11-11T17:25:49","modified_gmt":"2024-11-11T23:25:49","slug":"van-dos-asesinados-este-lunes-en-el-istmo-otro-en-la-cuenca","status":"publish","type":"post","link":"https:\/\/zonaroja.com.mx\/?p=74375","title":{"rendered":"Van dos asesinados este lunes en el Istmo; otro en la Cuenca"},"content":{"rendered":"\n<p>Raymundo Morales\/Zona Roja. Foto: ADN Sureste.<\/p>\n\n\n\n<p>Oaxaca de Ju\u00e1rez, Oax., a 11 de noviembre de 2024.- Dos personas han sido asesinadas en el transcurso de este lunes en la regi\u00f3n del Istmo de Tehuantepec.<\/p>\n\n\n\n<p>El m\u00e1s reciente caso ocurri\u00f3 en el municipio de Mat\u00edas Romero Avenda\u00f1o, donde ultimaron a un individuo en el interior de un local de lavado de veh\u00edculos, ubicado en la colonia San Bartolo.<\/p>\n\n\n\n<p>Sujetos armados llegaron hasta el sitio y dispararon de manera directa en contradecidlos Edwin R., quien perdi\u00f3 la vida al instante. Hasta el momento no hay pistas de los delincuentes.<\/p>\n\n\n\n<p>Mientras que horas antes, en el municipio de Santo Domingo Ingenio, la ma\u00f1ana de hoy fue ultimado a balazos un individuo.<\/p>\n\n\n\n<p>El hombre, quien respondi\u00f3 en vida al nombre de Roberto N., fue hallado a un costado de la carretera que comunica a dicha municipalidad y a\u00fan se desconoce el m\u00f3vil, as\u00ed como la identidad de los agresores.<\/p>\n\n\n\n<p>En ambos casos, la Vicefiscal\u00eda Regional del Istmo ha iniciado las investigaciones correspondientes.<\/p>\n\n\n\n<p>Por otra parte, en el municipio de Acatl\u00e1n de P\u00e9rez Figueroa, en la regi\u00f3n Cuenca, acribillaron a un individuo este domingo.<\/p>\n\n\n\n<p>El cuerpo fue localizado en la comunidad de Vicente Camalote y fue identificado por sus familiares como Juan Alberto M. L., de 27 a\u00f1os de edad.<\/p>\n\n\n\n<p>En los tres casos las corporaciones municipales no reportan detenciones de los probables responsables de los cr\u00edmenes.<\/p>\n","protected":false},"excerpt":{"rendered":"<p>Raymundo Morales\/Zona Roja. Foto: ADN Sureste. Oaxaca de Ju\u00e1rez, Oax., a 11 de noviembre de&hellip;<\/p>\n","protected":false},"author":2,"featured_media":74376,"comment_status":"closed","ping_status":"open","sticky":false,"template":"","format":"standard","meta":{"_lmt_disableupdate":"","_lmt_disable":"","_jetpack_memberships_contains_paid_content":false,"footnotes":""},"categories":[109,51],"tags":[228],"class_list":["post-74375","post","type-post","status-publish","format-standard","has-post-thumbnail","hentry","category-minuto-a-minuto","category-zona-roja","tag-matias-romero-avendano"],"jetpack_featured_media_url":"https:\/\/zonaroja.com.mx\/wp-content\/uploads\/2024\/11\/Ejecutado-Matias-romero.jpeg","jetpack_sharing_enabled":true,"_links":{"self":[{"href":"https:\/\/zonaroja.com.mx\/index.php?rest_route=\/wp\/v2\/posts\/74375","targetHints":{"allow":["GET"]}}],"collection":[{"href":"https:\/\/zonaroja.com.mx\/index.php?rest_route=\/wp\/v2\/posts"}],"about":[{"href":"https:\/\/zonaroja.com.mx\/index.php?rest_route=\/wp\/v2\/types\/post"}],"author":[{"embeddable":true,"href":"https:\/\/zonaroja.com.mx\/index.php?rest_route=\/wp\/v2\/users\/2"}],"replies":[{"embeddable":true,"href":"https:\/\/zonaroja.com.mx\/index.php?rest_route=%2Fwp%2Fv2%2Fcomments&post=74375"}],"version-history":[{"count":1,"href":"https:\/\/zonaroja.com.mx\/index.php?rest_route=\/wp\/v2\/posts\/74375\/revisions"}],"predecessor-version":[{"id":74377,"href":"https:\/\/zonaroja.com.mx\/index.php?rest_route=\/wp\/v2\/posts\/74375\/revisions\/74377"}],"wp:featuredmedia":[{"embeddable":true,"href":"https:\/\/zonaroja.com.mx\/index.php?rest_route=\/wp\/v2\/media\/74376"}],"wp:attachment":[{"href":"https:\/\/zonaroja.com.mx\/index.php?rest_route=%2Fwp%2Fv2%2Fmedia&parent=74375"}],"wp:term":[{"taxonomy":"category","embeddable":true,"href":"https:\/\/zonaroja.com.mx\/index.php?rest_route=%2Fwp%2Fv2%2Fcategories&post=74375"},{"taxonomy":"post_tag","embeddable":true,"href":"https:\/\/zonaroja.com.mx\/index.php?rest_route=%2Fwp%2Fv2%2Ftags&post=74375"}],"curies":[{"name":"wp","href":"https:\/\/api.w.org\/{rel}","templated":true}]}}