{"id":74381,"date":"2024-11-11T21:08:56","date_gmt":"2024-11-12T03:08:56","guid":{"rendered":"https:\/\/zonaroja.com.mx\/?p=74381"},"modified":"2024-11-11T21:08:58","modified_gmt":"2024-11-12T03:08:58","slug":"a-horas-de-inicio-de-la-66-legislatura-tribunal-modifica-asignacion-de-diputaciones","status":"publish","type":"post","link":"https:\/\/zonaroja.com.mx\/?p=74381","title":{"rendered":"A horas de inicio de la 66 Legislatura, Tribunal modifica asignaci\u00f3n de diputaciones"},"content":{"rendered":"\n<p>Raymundo Morales\/Zona Roja.<\/p>\n\n\n\n<p>Oaxaca de Ju\u00e1rez, Oax., a 11 de noviembre de 2024.- A unas horas de que inicie funciones la 66 Legislatura del Congreso de Oaxaca, la Sala Superior del Tribunal Electoral del Poder Judicial de la Federaci\u00f3n (TEPJF), modific\u00f3 la asignaci\u00f3n de diputaciones plurinominales.<\/p>\n\n\n\n<p>En un comunicado, dio a conocer que por mayor\u00eda de votos, modific\u00f3 la sentencia de la Sala Regional Xalapa (SRX) y dej\u00f3 subsistente la asignaci\u00f3n de diputaciones de Representaci\u00f3n Proporcional (RP) del Congreso del Estado de Oaxaca, realizada por el Instituto Estatal Electoral y de Participaci\u00f3n Ciudadana (IEEPCO) de la entidad.<\/p>\n\n\n\n<p>Lo anterior, dado que la Sala Xalapa modific\u00f3 la resoluci\u00f3n del Tribunal local y, en plenitud de jurisdicci\u00f3n, realiz\u00f3 el desarrollo de la f\u00f3rmula de distribuci\u00f3n de diputaciones de RP para la integraci\u00f3n del Congreso de Oaxaca y revoc\u00f3 las constancias de diputaciones plurinominales emitidas a favor de la novena f\u00f3rmula de candidaturas postulada por Morena y, en su lugar, orden\u00f3 emitirlas a favor de la tercera f\u00f3rmula por el Partido del Trabajo.<\/p>\n\n\n\n<p>Inconforme con lo anterior, los recurrentes impugnaron la sentencia de la Sala Regional Xalapa al considerar, en su concepto, que se aparta de las reglas previstas en la normativa del estado de Oaxaca.<\/p>\n\n\n\n<p>En sesi\u00f3n p\u00fablica por videoconferencia, la Sala Superior, a propuesta de la magistrada presidenta M\u00f3nica Aral\u00ed Soto Fregoso, determin\u00f3, por una parte, desechar un recurso de reconsideraci\u00f3n al haberse presentado fuera del plazo y ocho por incumplir con el requisito especial de procedencia.<\/p>\n\n\n\n<p>Por otra, modific\u00f3 la sentencia de la Sala Regional Xalapa, debido a que se apart\u00f3 de las reglas previstas en la normativa del estado de Oaxaca y en plenitud de jurisdicci\u00f3n al verificar la sobre y subrepresentaci\u00f3n de diputaciones de RP concluy\u00f3 que las diputaciones por ambos principios del Congreso del Estado de Oaxaca quedar\u00edan distribuidas en t\u00e9rminos id\u00e9nticos a los establecidos en el Acuerdo del IEEPCO.<\/p>\n\n\n\n<p>Por tanto, dicho instituto deber\u00e1 expedir la constancia de asignaci\u00f3n a la novena f\u00f3rmula de candidaturas de RP, postulada por Morena, integrada por Melina Hern\u00e1ndez Sosa, como propietaria, y Analy Deyanira Mart\u00ednez Espinosa, como suplente.<\/p>\n\n\n\n<p>Lo cual implica retirar la diputaci\u00f3n plurinominal a Jos\u00e9 Antonio Estefan Guillesen, del Partido Verde Ecologista de M\u00e9xico (PVEM).<\/p>\n\n\n\n<p>En consecuencia, se modific\u00f3 la sentencia de la Sala Regional Xalapa (SUP-REC-22682\/2024 y acumulados).<\/p>\n","protected":false},"excerpt":{"rendered":"<p>Raymundo Morales\/Zona Roja. Oaxaca de Ju\u00e1rez, Oax., a 11 de noviembre de 2024.- A unas&hellip;<\/p>\n","protected":false},"author":2,"featured_media":74382,"comment_status":"closed","ping_status":"open","sticky":false,"template":"","format":"standard","meta":{"_lmt_disableupdate":"","_lmt_disable":"","_jetpack_memberships_contains_paid_content":false,"footnotes":""},"categories":[109,46],"tags":[2844],"class_list":["post-74381","post","type-post","status-publish","format-standard","has-post-thumbnail","hentry","category-minuto-a-minuto","category-zona-blanca","tag-tribunal-electoral-del-poder-judicial-de-la-federacion-tepjf"],"jetpack_featured_media_url":"https:\/\/zonaroja.com.mx\/wp-content\/uploads\/2024\/11\/TEPJF-dejo-subsistente-la-asignacion-de-diputaciones-de-RP-del-Congreso-de-Oaxaca.jpeg","jetpack_sharing_enabled":true,"_links":{"self":[{"href":"https:\/\/zonaroja.com.mx\/index.php?rest_route=\/wp\/v2\/posts\/74381","targetHints":{"allow":["GET"]}}],"collection":[{"href":"https:\/\/zonaroja.com.mx\/index.php?rest_route=\/wp\/v2\/posts"}],"about":[{"href":"https:\/\/zonaroja.com.mx\/index.php?rest_route=\/wp\/v2\/types\/post"}],"author":[{"embeddable":true,"href":"https:\/\/zonaroja.com.mx\/index.php?rest_route=\/wp\/v2\/users\/2"}],"replies":[{"embeddable":true,"href":"https:\/\/zonaroja.com.mx\/index.php?rest_route=%2Fwp%2Fv2%2Fcomments&post=74381"}],"version-history":[{"count":1,"href":"https:\/\/zonaroja.com.mx\/index.php?rest_route=\/wp\/v2\/posts\/74381\/revisions"}],"predecessor-version":[{"id":74383,"href":"https:\/\/zonaroja.com.mx\/index.php?rest_route=\/wp\/v2\/posts\/74381\/revisions\/74383"}],"wp:featuredmedia":[{"embeddable":true,"href":"https:\/\/zonaroja.com.mx\/index.php?rest_route=\/wp\/v2\/media\/74382"}],"wp:attachment":[{"href":"https:\/\/zonaroja.com.mx\/index.php?rest_route=%2Fwp%2Fv2%2Fmedia&parent=74381"}],"wp:term":[{"taxonomy":"category","embeddable":true,"href":"https:\/\/zonaroja.com.mx\/index.php?rest_route=%2Fwp%2Fv2%2Fcategories&post=74381"},{"taxonomy":"post_tag","embeddable":true,"href":"https:\/\/zonaroja.com.mx\/index.php?rest_route=%2Fwp%2Fv2%2Ftags&post=74381"}],"curies":[{"name":"wp","href":"https:\/\/api.w.org\/{rel}","templated":true}]}}