{"id":74387,"date":"2024-11-12T08:13:00","date_gmt":"2024-11-12T14:13:00","guid":{"rendered":"https:\/\/zonaroja.com.mx\/?p=74387"},"modified":"2024-11-12T07:18:41","modified_gmt":"2024-11-12T13:18:41","slug":"fiscalias-de-oaxaca-y-de-veracruz-ofrecen-recompensa-por-caso-sandra-dominguez","status":"publish","type":"post","link":"https:\/\/zonaroja.com.mx\/?p=74387","title":{"rendered":"Fiscal\u00edas de Oaxaca y de Veracruz ofrecen recompensa por caso Sandra Dom\u00ednguez"},"content":{"rendered":"\n<p>Raymundo Morales\/Zona Roja.<\/p>\n\n\n\n<p>Oaxaca de Ju\u00e1rez, Oax., a 12 de noviembre de 2024.- Por separado, las fiscal\u00edas generales del Estado de Oaxaca y de Veracruz ofrecieron recompensas por informaci\u00f3n que ayude a localizar a Sandra Est\u00e9fana Dom\u00ednguez Mart\u00ednez, desaparecida en la zona lim\u00edtrofe de dichas entidades el pasado 4 de octubre.<\/p>\n\n\n\n<p>Los avisos fueron emitidos ayer y el caso de la instituci\u00f3n de procuraci\u00f3n de justicia oaxaque\u00f1a, ofrece un monto de 500 mil pesos a quien aporte informaci\u00f3n \u00fatil para dar con el paradero de la joven activista Mixe.<\/p>\n\n\n\n<p>En caso de tener datos, deber\u00e1 comunicarse a los n\u00fameros telef\u00f3nicos 951 164 64 34 y 951 531 48 01. Tambi\u00e9n a los correos <a href=\"mailto:nolocalizados@fge.oaxaca.gob.mx\">nolocalizados@fge.oaxaca.gob.mx<\/a> y reporte@cebpeo.gob.mx.<\/p>\n\n\n\n<p>Con respecto a Veracruz, su aviso detalla que ofrece 350 mil pesos \u201cA quien o quienes aporten informaci\u00f3n veraz, \u00fatil, eficaz, eficiente, efectiva y oportuna para la localizaci\u00f3n\u201d.<\/p>\n\n\n\n<p>En su caso, deber\u00e1 comunicarse al n\u00famero telef\u00f3nico 800 89 06 863 o al correo electr\u00f3nico recompensas@fiscaiaveracruz.gob.mx.<\/p>\n\n\n\n<p>Sandra Esf\u00e9fana y su pareja Alexander Hern\u00e1ndez Hern\u00e1ndez fueron vistos por \u00faltima vez el 4 de octubre de 2024 en la localidad de Mar\u00eda Lombardo de Caso, municipio de San Juan Cotzoc\u00f3n Mixe.<\/p>\n\n\n\n<p>D\u00edas despu\u00e9s la Fiscal\u00eda General del Estado de Oaxaca hall\u00f3 la camioneta de ambos en jurisdicci\u00f3n de Playa Vicente, Veracruz; posteriormente localiz\u00f3 el tel\u00e9fono de la abogada y detuvo a una persona que ten\u00eda en su poder el aparato.<\/p>\n","protected":false},"excerpt":{"rendered":"<p>Raymundo Morales\/Zona Roja. Oaxaca de Ju\u00e1rez, Oax., a 12 de noviembre de 2024.- Por separado,&hellip;<\/p>\n","protected":false},"author":2,"featured_media":74388,"comment_status":"closed","ping_status":"open","sticky":false,"template":"","format":"standard","meta":{"_lmt_disableupdate":"","_lmt_disable":"","_jetpack_memberships_contains_paid_content":false,"footnotes":""},"categories":[109,47],"tags":[4086],"class_list":["post-74387","post","type-post","status-publish","format-standard","has-post-thumbnail","hentry","category-minuto-a-minuto","category-zona-gris","tag-sandra-dominguez"],"jetpack_featured_media_url":"https:\/\/zonaroja.com.mx\/wp-content\/uploads\/2024\/11\/Recompensas-Sandra-Dominguez.jpg","jetpack_sharing_enabled":true,"_links":{"self":[{"href":"https:\/\/zonaroja.com.mx\/index.php?rest_route=\/wp\/v2\/posts\/74387","targetHints":{"allow":["GET"]}}],"collection":[{"href":"https:\/\/zonaroja.com.mx\/index.php?rest_route=\/wp\/v2\/posts"}],"about":[{"href":"https:\/\/zonaroja.com.mx\/index.php?rest_route=\/wp\/v2\/types\/post"}],"author":[{"embeddable":true,"href":"https:\/\/zonaroja.com.mx\/index.php?rest_route=\/wp\/v2\/users\/2"}],"replies":[{"embeddable":true,"href":"https:\/\/zonaroja.com.mx\/index.php?rest_route=%2Fwp%2Fv2%2Fcomments&post=74387"}],"version-history":[{"count":1,"href":"https:\/\/zonaroja.com.mx\/index.php?rest_route=\/wp\/v2\/posts\/74387\/revisions"}],"predecessor-version":[{"id":74389,"href":"https:\/\/zonaroja.com.mx\/index.php?rest_route=\/wp\/v2\/posts\/74387\/revisions\/74389"}],"wp:featuredmedia":[{"embeddable":true,"href":"https:\/\/zonaroja.com.mx\/index.php?rest_route=\/wp\/v2\/media\/74388"}],"wp:attachment":[{"href":"https:\/\/zonaroja.com.mx\/index.php?rest_route=%2Fwp%2Fv2%2Fmedia&parent=74387"}],"wp:term":[{"taxonomy":"category","embeddable":true,"href":"https:\/\/zonaroja.com.mx\/index.php?rest_route=%2Fwp%2Fv2%2Fcategories&post=74387"},{"taxonomy":"post_tag","embeddable":true,"href":"https:\/\/zonaroja.com.mx\/index.php?rest_route=%2Fwp%2Fv2%2Ftags&post=74387"}],"curies":[{"name":"wp","href":"https:\/\/api.w.org\/{rel}","templated":true}]}}