{"id":74393,"date":"2024-11-12T10:30:00","date_gmt":"2024-11-12T16:30:00","guid":{"rendered":"https:\/\/zonaroja.com.mx\/?p=74393"},"modified":"2024-11-12T08:04:40","modified_gmt":"2024-11-12T14:04:40","slug":"viven-jornada-violenta-tabasco-veracruz-chiapas","status":"publish","type":"post","link":"https:\/\/zonaroja.com.mx\/?p=74393","title":{"rendered":"Viven jornada violenta Tabasco, Veracruz, Chiapas\u2026"},"content":{"rendered":"\n<p>Redacci\u00f3n\/Zona Roja Cdmx.<br>Ciudad de M\u00e9xico, a 12 de noviembre de 2024.- Una nueva jornada de violencia se report\u00f3 ayer en diferentes puntos de Tabasco; en colonias de Villahermosa vecinos difundieron en redes sociales el incendio de cinco veh\u00edculos; tres de estas quemas en la carretera Frontera-Villahermosa.&nbsp;<\/p>\n\n\n\n<p>Elementos del Ej\u00e9rcito Mexicano y de la Guardia Nacional detuvieron al menos a dos responsables.<\/p>\n\n\n\n<p>El punto m\u00e1s violento se document\u00f3 en el kil\u00f3metro 15 de la v\u00eda Villahermosa-Frontera, zona en la que adem\u00e1s de los tres veh\u00edculos siniestrados, una pareja que circulaba en un auto compacto fue atacada a balazos. Hasta el cierre de esta edici\u00f3n se desconoce la situaci\u00f3n de sus ocupantes.<\/p>\n\n\n\n<p>Tambi\u00e9n se difundieron im\u00e1genes de autos incinerados en la calle Pepe del Rivero, colonia Gaviotas Norte, donde dos sujetos a bordo de motos quemaron las unidades.<\/p>\n\n\n\n<p>Mientras, en el entronque de las carreteras Jalapa-Teapa, los automovilistas que pasaban por la zona denunciaron la colocaci\u00f3n de los llamados ponchallantas.<\/p>\n\n\n\n<p>Tambi\u00e9n individuos armados robaron con violencia una estaci\u00f3n de gasolina, ubicada a orillas de la vialidad Frontera.<\/p>\n\n\n\n<p>EN VERACRUZ<\/p>\n\n\n\n<p>Mientras en Veracruz, un comando atac\u00f3 la madrugada del lunes con artefactos explosivos caseros el corral\u00f3n de Gr\u00faas MG, cerca de la carretera Costera del Golfo, municipio de Acayucan, lo que provoc\u00f3 la quema en un predio de la empresa. Fuentes policiales se\u00f1alaron que se contabilizaron seis veh\u00edculos siniestrados y no se reportaron personas lesionadas.<\/p>\n\n\n\n<p>Al lugar arribaron elementos de bomberos de Acayucan quienes sofocaron la conflagraci\u00f3n y evitaron que se extendiera a otras unidades; elementos de la Secretar\u00eda de Seguridad P\u00fablica acordonaron el \u00e1rea.<\/p>\n\n\n\n<p>Horas m\u00e1s tarde, un grupo de sujetos prendi\u00f3 en llamas un cami\u00f3n de transporte que se encontraba estacionado en una calle del fraccionamiento Santa Cruz, perteneciente al municipio de Soconusco.<\/p>\n\n\n\n<p>EN GUERRERO<\/p>\n\n\n\n<p>En Guerrero, hombres armados atacaron la ma\u00f1ana del lunes el sitio de taxis de la localidad de Pueblo Nuevo, en Acapulco. No se reportaron heridos.<\/p>\n\n\n\n<p>En otro hecho, un sujeto identificado como operador de un taxi colectivo amarillo con blanco, de la ruta La Venta-Centro fue atacado a balazos a la altura del Centro M\u00e9dico, en el puerto. La v\u00edctima fue trasladada por param\u00e9dicos a un hospital cercano a bordo de una ambulancia. La zona permaneci\u00f3 vigilada por elementos de la Secretar\u00eda de Marina y agentes de la Fiscal\u00eda General del Estado.<\/p>\n\n\n\n<p>EN QROO<\/p>\n\n\n\n<p>Efectivos de la Fiscal\u00eda General de Quintana Roo catearon un predio en una zona irregular, de la zona continental de Isla Mujeres, donde encontraron el cad\u00e1ver de un hombre enterrado en un patio trasero. La v\u00edctima hab\u00eda sido secuestrada y dos hombres fueron detenidos como presuntos responsables de los delitos de plagio y homicidio calificado.<\/p>\n\n\n\n<p>El ex colaborador del Sindicato de Taxistas Andr\u00e9s Quintana Roo, Jos\u00e9 Luis Corral Morales, fue asesinado el pasado 25 de octubre, con 20 impactos de bala, por oponerse a vincular al gremio con la delincuencia organizada, siendo los autores intelectuales Salom\u00f3n Alfonso Mu\u00f1oz, alias (Mafer), junto con Oscar Antonio Sol\u00eds, afirm\u00f3 el Fiscal General del Estado (FGE), Raciel L\u00f3pez Salazr.<\/p>\n\n\n\n<p>EN EDOMEX<\/p>\n\n\n\n<p>En el estado de M\u00e9xico, cuatro adolescentes de 16 a\u00f1os fueron aprehendidos por su presunta participaci\u00f3n en un ataque armado en el municipio de Chicoloapan.<\/p>\n\n\n\n<p>Uniformados hallaron a una persona herida por disparo de arma de fuego quien les narr\u00f3 que cuatro j\u00f3venes lo atacaron y huyeron en motos.<\/p>\n\n\n\n<p>Seg\u00fan un reporte de la polic\u00eda municipal, los menores fueron detenidos tras una persecuci\u00f3n y se les decomisaron tres armas de fuego y dos motocicletas.<\/p>\n\n\n\n<p>EN CHIAPAS<\/p>\n\n\n\n<p>Fuerzas de seguridad federales aseguraron un arsenal de armas largas, veh\u00edculos blindados y hechos artesanalmenta denominados \u201cmonstruos\u201d durante un cateo a un inmueble en Tuxtla Guti\u00e9rrez, Chiapas.&nbsp;<\/p>\n\n\n\n<p>En un comunicado la representaci\u00f3n de la Fiscal\u00eda General de la Rep\u00fablica inform\u00f3 que en el operativo participaron elementos de la Guardia Nacional y el Ej\u00e9rcito Mexicano.&nbsp;<\/p>\n\n\n\n<p>\u201cSe aseguraron en el lugar 29 veh\u00edculos (dos de los llamados monstruos), cuatro motocicletas, 64 armas largas de diversos calibres, 578 cargadores y mil 196 cartuchos de diversos calibres; adem\u00e1s de 70 cajas llenas de cartuchos, siete chalecos t\u00e1cticos y objetos diversos\u201d detall\u00f3 la autoridad.&nbsp;<\/p>\n\n\n\n<p>Por otra parte, agentes de la Polic\u00eda de Investigaci\u00f3n detuvieron a los dos presuntos responsables del asesinato de dos trabajadores de la Comisi\u00f3n Federal de Electricidad (CFE) y de una agente de seguridad en Tuxtla Guti\u00e9rrez, Chiapas, dio a conocer la Fiscal\u00eda General del Estado.<\/p>\n\n\n\n<p>En un comunicado inform\u00f3 que los dos sujetos fueron identificados como Jos\u00e9 N y Luis N y est\u00e1n acusados de homicidio calificado.<\/p>\n\n\n\n<p>Los dos trabajadores de la CFE y la agente de seguridad fueron asesinados a balazos el 30 de octubre dentro de las instalaciones de la esa dependencia en el barrio El Magueyito.<\/p>\n\n\n\n<p>(Informaci\u00f3n de \u201cLa Jornada\u201d)<\/p>\n","protected":false},"excerpt":{"rendered":"<p>Redacci\u00f3n\/Zona Roja Cdmx.Ciudad de M\u00e9xico, a 12 de noviembre de 2024.- Una nueva jornada de&hellip;<\/p>\n","protected":false},"author":2,"featured_media":74394,"comment_status":"closed","ping_status":"open","sticky":false,"template":"","format":"standard","meta":{"_lmt_disableupdate":"","_lmt_disable":"","_jetpack_memberships_contains_paid_content":false,"footnotes":""},"categories":[109,51],"tags":[1746],"class_list":["post-74393","post","type-post","status-publish","format-standard","has-post-thumbnail","hentry","category-minuto-a-minuto","category-zona-roja","tag-violencia-en-mexico"],"jetpack_featured_media_url":"https:\/\/zonaroja.com.mx\/wp-content\/uploads\/2024\/11\/Violencia-en-Tabasco.png.webp","jetpack_sharing_enabled":true,"_links":{"self":[{"href":"https:\/\/zonaroja.com.mx\/index.php?rest_route=\/wp\/v2\/posts\/74393","targetHints":{"allow":["GET"]}}],"collection":[{"href":"https:\/\/zonaroja.com.mx\/index.php?rest_route=\/wp\/v2\/posts"}],"about":[{"href":"https:\/\/zonaroja.com.mx\/index.php?rest_route=\/wp\/v2\/types\/post"}],"author":[{"embeddable":true,"href":"https:\/\/zonaroja.com.mx\/index.php?rest_route=\/wp\/v2\/users\/2"}],"replies":[{"embeddable":true,"href":"https:\/\/zonaroja.com.mx\/index.php?rest_route=%2Fwp%2Fv2%2Fcomments&post=74393"}],"version-history":[{"count":1,"href":"https:\/\/zonaroja.com.mx\/index.php?rest_route=\/wp\/v2\/posts\/74393\/revisions"}],"predecessor-version":[{"id":74395,"href":"https:\/\/zonaroja.com.mx\/index.php?rest_route=\/wp\/v2\/posts\/74393\/revisions\/74395"}],"wp:featuredmedia":[{"embeddable":true,"href":"https:\/\/zonaroja.com.mx\/index.php?rest_route=\/wp\/v2\/media\/74394"}],"wp:attachment":[{"href":"https:\/\/zonaroja.com.mx\/index.php?rest_route=%2Fwp%2Fv2%2Fmedia&parent=74393"}],"wp:term":[{"taxonomy":"category","embeddable":true,"href":"https:\/\/zonaroja.com.mx\/index.php?rest_route=%2Fwp%2Fv2%2Fcategories&post=74393"},{"taxonomy":"post_tag","embeddable":true,"href":"https:\/\/zonaroja.com.mx\/index.php?rest_route=%2Fwp%2Fv2%2Ftags&post=74393"}],"curies":[{"name":"wp","href":"https:\/\/api.w.org\/{rel}","templated":true}]}}