{"id":74406,"date":"2024-11-12T13:17:00","date_gmt":"2024-11-12T19:17:00","guid":{"rendered":"https:\/\/zonaroja.com.mx\/?p=74406"},"modified":"2024-11-12T18:32:57","modified_gmt":"2024-11-13T00:32:57","slug":"opinion-bajo-el-signo-de-la-violencia","status":"publish","type":"post","link":"https:\/\/zonaroja.com.mx\/?p=74406","title":{"rendered":"Opini\u00f3n. Bajo el signo de la violencia"},"content":{"rendered":"\n<p>Isidoro Yescas*<\/p>\n\n\n\n<p>En\u00a0los no tan lejanos tiempos del PRI-gobierno,\u00a0el gobernador Alejandro Murat sol\u00eda presumir en medios nacionales que Oaxaca era uno de los diez estados \u201cmas\u00a0seguros\u201d de M\u00e9xico.\u00a0En tiempos de la Primavera Oaxaque\u00f1a\u00a0(versi\u00f3n\u00a0zapoteca de la 4T), desde el Poder Ejecutivo no se cansan de repetir que nuestra entidad es el \u201cquinto estado m\u00e1s seguro del pa\u00eds\u201d.<\/p>\n\n\n\n<p>Era y es la visi\u00f3n desde el poder\u00a0(usando a modo los datos del SESNSP)\u00a0porque la realidad revela a una entidad cada vez m\u00e1s violenta y violentada, en donde las declaraciones y discursos\u00a0de las autoridades del m\u00e1s alto nivel\u00a0quedan hecho a\u00f1icos ante una lastimosa y preocupante espiral de violencia\u00a0criminal\u00a0que no parece que en el corto plazo pueda ser frenada porque, a final de cuentas, ya\u00a0es un problema nacional que se viene expresando con diferentes niveles de magnitud e intensidad en ya pr\u00e1cticamente todo el pa\u00eds.<\/p>\n\n\n\n<p>En tanto el plan\u00a0nacional\u00a0de seguridad anunciado en d\u00edas pasados por la Presidenta Claudia Sheinbaum empiece a cobrar forma, sobre todo en lo que hace a la coordinaci\u00f3n interinstitucional entre las corporaciones policiacas a nivel federal\u00a0con\u00a0las\u00a0estatales\u00a0y municipales, los c\u00e1rteles y dem\u00e1s grupos delincuenciales \u00a0no han dado tregua,\u00a0tal como lo evidencian los hechos \u00a0ocurridos recientemente\u00a0en Guerrero, Chiapas y Tabasco,\u00a0solo\u00a0en el sur-sureste de M\u00e9xico.<\/p>\n\n\n\n<p>Y si bien es cierto que\u00a0esa violencia criminal no se hab\u00eda expresado en\u00a0el municipio de Oaxaca de Ju\u00e1rez\u00a0con la estridencia \u00a0registrada en el intento de asesinato del\u00a0exdirigente de la CTM \u00a0y empresario\u00a0Marcos S\u00e1nchez,\u00a0para nada puede calificarse este suceso \u00a0como un \u201checho eventual\u201d (fortuito, ocasional) como lo hizo el secretario General de Gobierno, Jes\u00fas Romero, en un\u00a0fallido\u00a0intento para\u00a0reducir a su m\u00ednima expresi\u00f3n\u00a0una suceso explosivo que, ciertamente, no ha sido el denominador com\u00fan en las disputas de plazas y ajustes de cuentas entre bandas criminales en la ciudad capital pero s\u00ed en otras partes de la entidad.<\/p>\n\n\n\n<p>En el contexto de la ola de secuestros, desapariciones, ejecuciones y feminicidios que se han intensificado en las dos \u00faltimas semanas, nada pudo ser m\u00e1s lesivo para un gobierno que se esmera en\u00a0publicitar \u00a0a\u00a0un Oaxaca seguro\u00a0y con gobernabilidad\u00a0\u00a0que\u00a0el lastimoso \u00a0espect\u00e1culo de un intento de ejecuci\u00f3n que deriv\u00f3 en una balacera a fuego cruzado con un saldo de seis personas fallecidas.\u00a0<\/p>\n\n\n\n<p>Y esto se produjo 48 horas despu\u00e9s que el gobernador Salom\u00f3n Jara hab\u00eda reconocido que el 85 por ciento de la incidencia delictiva de la entidad se concentra en 25 municipios de los Valles Centrales, Istmo y la Costa, en donde el gobierno estatal, en coordinaci\u00f3n con las autoridades de estos municipios, buscar\u00e1n reducir hasta en un 50 por ciento los delitos del fuero com\u00fan.&nbsp;(\u201cEl&nbsp;Imparcial\u201d, noviembre 7 del 2024).<\/p>\n\n\n\n<p>Si esta meta se logra ser\u00eda una buena noticia, sin embargo, es evidente que para reducir la inseguridad y violencia, y sobre todo, para combatir al crimen organizado, se requiere tambi\u00e9n de un mayor compromiso y determinaci\u00f3n del gobierno federal, lo mismo &nbsp;para certificar y equipar a los cuerpos policiacos, especialmente a nivel municipal, que para llevar un cabo un intenso trabajo de inteligencia policial, tal y como ya est\u00e1 delineado en el plan&nbsp;nacional&nbsp;de seguridad de la presidenta Claudia Sheinbaum.<\/p>\n\n\n\n<p>Acabar con las complicidades y corruptelas &nbsp;entre autoridades de todos los niveles con los c\u00e1rteles, c\u00e9lulas y otras expresiones de poder f\u00e1ctico y criminal&nbsp;(ya muy activos en las regiones en donde se &nbsp;concentra&nbsp;el 85 por ciento de la incidencia delictiva)&nbsp;&nbsp;aparece tambi\u00e9n como un elemento importante para empezar a ofrecer resultados de un problema en donde Oaxaca&nbsp;ya tiene&nbsp;prendidos demasiados&nbsp;focos&nbsp;rojos, fen\u00f3meno&nbsp;&nbsp;que a nivel nacional es, sin duda, lo que m\u00e1s preocupa y agravia a millones de mexicanas y mexicanos.&nbsp;<\/p>\n\n\n\n<p>*Maestro en Sociolog\u00eda.<\/p>\n\n\n\n<p>X: @YescasIsidoro<\/p>\n","protected":false},"excerpt":{"rendered":"<p>Isidoro Yescas* En\u00a0los no tan lejanos tiempos del PRI-gobierno,\u00a0el gobernador Alejandro Murat sol\u00eda presumir en&hellip;<\/p>\n","protected":false},"author":2,"featured_media":71623,"comment_status":"closed","ping_status":"open","sticky":false,"template":"","format":"standard","meta":{"_lmt_disableupdate":"","_lmt_disable":"","_jetpack_memberships_contains_paid_content":false,"footnotes":""},"categories":[456,109],"tags":[3998],"class_list":["post-74406","post","type-post","status-publish","format-standard","has-post-thumbnail","hentry","category-columna","category-minuto-a-minuto","tag-isidoro-yescas-martinez"],"jetpack_featured_media_url":"https:\/\/zonaroja.com.mx\/wp-content\/uploads\/2024\/08\/Opinion.-Isidoro-Yescas.jpg","jetpack_sharing_enabled":true,"_links":{"self":[{"href":"https:\/\/zonaroja.com.mx\/index.php?rest_route=\/wp\/v2\/posts\/74406","targetHints":{"allow":["GET"]}}],"collection":[{"href":"https:\/\/zonaroja.com.mx\/index.php?rest_route=\/wp\/v2\/posts"}],"about":[{"href":"https:\/\/zonaroja.com.mx\/index.php?rest_route=\/wp\/v2\/types\/post"}],"author":[{"embeddable":true,"href":"https:\/\/zonaroja.com.mx\/index.php?rest_route=\/wp\/v2\/users\/2"}],"replies":[{"embeddable":true,"href":"https:\/\/zonaroja.com.mx\/index.php?rest_route=%2Fwp%2Fv2%2Fcomments&post=74406"}],"version-history":[{"count":2,"href":"https:\/\/zonaroja.com.mx\/index.php?rest_route=\/wp\/v2\/posts\/74406\/revisions"}],"predecessor-version":[{"id":74412,"href":"https:\/\/zonaroja.com.mx\/index.php?rest_route=\/wp\/v2\/posts\/74406\/revisions\/74412"}],"wp:featuredmedia":[{"embeddable":true,"href":"https:\/\/zonaroja.com.mx\/index.php?rest_route=\/wp\/v2\/media\/71623"}],"wp:attachment":[{"href":"https:\/\/zonaroja.com.mx\/index.php?rest_route=%2Fwp%2Fv2%2Fmedia&parent=74406"}],"wp:term":[{"taxonomy":"category","embeddable":true,"href":"https:\/\/zonaroja.com.mx\/index.php?rest_route=%2Fwp%2Fv2%2Fcategories&post=74406"},{"taxonomy":"post_tag","embeddable":true,"href":"https:\/\/zonaroja.com.mx\/index.php?rest_route=%2Fwp%2Fv2%2Ftags&post=74406"}],"curies":[{"name":"wp","href":"https:\/\/api.w.org\/{rel}","templated":true}]}}