{"id":7442,"date":"2020-01-08T12:35:41","date_gmt":"2020-01-08T18:35:41","guid":{"rendered":"https:\/\/www.zonaroja.com.mx\/?p=7442"},"modified":"2020-01-08T12:35:44","modified_gmt":"2020-01-08T18:35:44","slug":"en-cateo-en-casas-de-los-villaseca-asegura-un-puma-cocodrilo-pavorreales-y-vehiculos-robados","status":"publish","type":"post","link":"https:\/\/zonaroja.com.mx\/?p=7442","title":{"rendered":"En cateo en casas de los Villaseca, asegura un puma, cocodrilo, pavorreales y veh\u00edculos robados"},"content":{"rendered":"\n<p class=\"MsoNormal\">Yuridiana Sosa\/Zona De Roja. Foto: Especial<\/p>\n\n\n\n<p class=\"MsoNormal\">Oaxaca de Ju\u00e1rez, Oax., 8 de enero de 2020.- Como parte de la investigaci\u00f3n de los hechos violentos entre transportistas registrada&nbsp;<a href=\"\/\/1\">este martes<\/a>&nbsp;en Santa Luc\u00eda del Camino, elementos de seguridad realizaron hoy cateos en domicilio de Tlalixtac de Cabrera y localidades cercanas, donde localizaron y aseguraron un cocodrilo, un puma, dos pavorreales y cinco veh\u00edculos con reporte de robo.<\/p>\n\n\n\n<p class=\"MsoNormal\">La ma\u00f1ana de este mi\u00e9rcoles, elementos de la Guardia Nacional e integrantes de la Agencia Estatal de Investigaciones (AEI) efectuaron el cateo en una propiedad ubicada sobre la calle Camino Real, en dicho municipio conurbado a la capital del estado y el cual presuntamente pertenece a los hermanos Luis Villaseca, l\u00edderes pr\u00f3fugos del Sindicato \u201cLibertad\u201d.<\/p>\n\n\n\n<figure class=\"wp-block-image size-large\"><img decoding=\"async\" width=\"768\" height=\"1024\" src=\"https:\/\/www.zonaroja.com.mx\/wp-content\/uploads\/2020\/01\/a7cca2b6-8280-462a-bcb6-50e42ca18de0.jpg\" alt=\"\" class=\"wp-image-7439\" srcset=\"https:\/\/zonaroja.com.mx\/wp-content\/uploads\/2020\/01\/a7cca2b6-8280-462a-bcb6-50e42ca18de0.jpg 768w, https:\/\/zonaroja.com.mx\/wp-content\/uploads\/2020\/01\/a7cca2b6-8280-462a-bcb6-50e42ca18de0-225x300.jpg 225w, https:\/\/zonaroja.com.mx\/wp-content\/uploads\/2020\/01\/a7cca2b6-8280-462a-bcb6-50e42ca18de0-585x780.jpg 585w\" sizes=\"(max-width: 768px) 100vw, 768px\" \/><\/figure>\n\n\n\n<p class=\"MsoNormal\">En la revisi\u00f3n, se encontraron las especies animales, as\u00ed como un taxi y un cami\u00f3n tipo volteo con reporte de robo, entre otros veh\u00edculos, los cuales fueron asegurados por los elementos de la Fiscal\u00eda General del Estado.<\/p>\n\n\n\n<p class=\"MsoNormal\">Ayer<a href=\"\/\/4\">&nbsp;martes<\/a>, cerca&nbsp;<a href=\"\/\/5\">de las 12:00<\/a>&nbsp;horas se registr\u00f3 una balacera en sobre la avenida Ferrocarril de Santa Luc\u00eda del Camino, en colindancia con el municipio de Santa Cruz Amilpas.<\/p>\n\n\n\n<p class=\"MsoNormal\">Los reportes policiacos indicaron que supuestamente miembros de la Confederaci\u00f3n Aut\u00f3noma de Trabajadores y Empleados de M\u00e9xico (CATEM) fueron agredidos por CATEM Joven, por la disputa del acarreo de materiales de construcci\u00f3n. Por los hechos se registr\u00f3 la muerte de dos personas.<\/p>\n\n\n\n<figure class=\"wp-block-image size-large\"><img decoding=\"async\" width=\"1280\" height=\"720\" src=\"https:\/\/www.zonaroja.com.mx\/wp-content\/uploads\/2020\/01\/430f8561-0d87-4bcc-82b1-dfd7a72759da.jpg\" alt=\"\" class=\"wp-image-7440\" srcset=\"https:\/\/zonaroja.com.mx\/wp-content\/uploads\/2020\/01\/430f8561-0d87-4bcc-82b1-dfd7a72759da.jpg 1280w, https:\/\/zonaroja.com.mx\/wp-content\/uploads\/2020\/01\/430f8561-0d87-4bcc-82b1-dfd7a72759da-300x169.jpg 300w, https:\/\/zonaroja.com.mx\/wp-content\/uploads\/2020\/01\/430f8561-0d87-4bcc-82b1-dfd7a72759da-768x432.jpg 768w, https:\/\/zonaroja.com.mx\/wp-content\/uploads\/2020\/01\/430f8561-0d87-4bcc-82b1-dfd7a72759da-1024x576.jpg 1024w, https:\/\/zonaroja.com.mx\/wp-content\/uploads\/2020\/01\/430f8561-0d87-4bcc-82b1-dfd7a72759da-1170x658.jpg 1170w, https:\/\/zonaroja.com.mx\/wp-content\/uploads\/2020\/01\/430f8561-0d87-4bcc-82b1-dfd7a72759da-585x329.jpg 585w\" sizes=\"(max-width: 1280px) 100vw, 1280px\" \/><\/figure>\n","protected":false},"excerpt":{"rendered":"<p>Yuridiana Sosa\/Zona De Roja. Foto: Especial Oaxaca de Ju\u00e1rez, Oax., 8 de enero de 2020.-&hellip;<\/p>\n","protected":false},"author":2,"featured_media":7441,"comment_status":"closed","ping_status":"open","sticky":false,"template":"","format":"standard","meta":{"_lmt_disableupdate":"","_lmt_disable":"","_jetpack_memberships_contains_paid_content":false,"footnotes":""},"categories":[109,51],"tags":[1069],"class_list":["post-7442","post","type-post","status-publish","format-standard","has-post-thumbnail","hentry","category-minuto-a-minuto","category-zona-roja","tag-confederacion-autonoma-de-trabajadores-y-empleados-de-mexico-catem"],"jetpack_featured_media_url":"https:\/\/zonaroja.com.mx\/wp-content\/uploads\/2020\/01\/a4f2f21a-96e0-448b-a367-6ef47bb23515.jpg","jetpack_sharing_enabled":true,"_links":{"self":[{"href":"https:\/\/zonaroja.com.mx\/index.php?rest_route=\/wp\/v2\/posts\/7442","targetHints":{"allow":["GET"]}}],"collection":[{"href":"https:\/\/zonaroja.com.mx\/index.php?rest_route=\/wp\/v2\/posts"}],"about":[{"href":"https:\/\/zonaroja.com.mx\/index.php?rest_route=\/wp\/v2\/types\/post"}],"author":[{"embeddable":true,"href":"https:\/\/zonaroja.com.mx\/index.php?rest_route=\/wp\/v2\/users\/2"}],"replies":[{"embeddable":true,"href":"https:\/\/zonaroja.com.mx\/index.php?rest_route=%2Fwp%2Fv2%2Fcomments&post=7442"}],"version-history":[{"count":1,"href":"https:\/\/zonaroja.com.mx\/index.php?rest_route=\/wp\/v2\/posts\/7442\/revisions"}],"predecessor-version":[{"id":7443,"href":"https:\/\/zonaroja.com.mx\/index.php?rest_route=\/wp\/v2\/posts\/7442\/revisions\/7443"}],"wp:featuredmedia":[{"embeddable":true,"href":"https:\/\/zonaroja.com.mx\/index.php?rest_route=\/wp\/v2\/media\/7441"}],"wp:attachment":[{"href":"https:\/\/zonaroja.com.mx\/index.php?rest_route=%2Fwp%2Fv2%2Fmedia&parent=7442"}],"wp:term":[{"taxonomy":"category","embeddable":true,"href":"https:\/\/zonaroja.com.mx\/index.php?rest_route=%2Fwp%2Fv2%2Fcategories&post=7442"},{"taxonomy":"post_tag","embeddable":true,"href":"https:\/\/zonaroja.com.mx\/index.php?rest_route=%2Fwp%2Fv2%2Ftags&post=7442"}],"curies":[{"name":"wp","href":"https:\/\/api.w.org\/{rel}","templated":true}]}}