{"id":74433,"date":"2024-11-13T09:15:00","date_gmt":"2024-11-13T15:15:00","guid":{"rendered":"https:\/\/zonaroja.com.mx\/?p=74433"},"modified":"2024-11-13T06:17:54","modified_gmt":"2024-11-13T12:17:54","slug":"el-horror-asesinan-a-dos-menores-de-edad-afuera-de-una-iglesia-en-veracruz","status":"publish","type":"post","link":"https:\/\/zonaroja.com.mx\/?p=74433","title":{"rendered":"El horror: asesinan a dos menores de edad afuera de una iglesia en Veracruz"},"content":{"rendered":"\n<p>Redacci\u00f3n\/Zona Roja Cdmx.<\/p>\n\n\n\n<p>Ciudad de M\u00e9xico, a 13 de noviembre de 2024.- Un caso m\u00e1s de la violencia en Veracruz: dos hermanos menores de edad, uno de ellos monaguillo, fueron asesinados a balazos frente a una iglesia en un pueblo en Veracruz, inform\u00f3 el Centro Cat\u00f3lico Multimedial, un medio de comunicaci\u00f3n vinculado a la Iglesia, este martes 12 de noviembre.<\/p>\n\n\n\n<p>De acuerdo con informaci\u00f3n de la agencia AP, la Fiscal\u00eda de Veracruz confirm\u00f3 el doble homicidio en la localidad de Entabladero, municipio de Espinal, en la zona monta\u00f1osa del estado, pero en su comunicado no ofreci\u00f3 detalles del ataque.<\/p>\n\n\n\n<p>Seg\u00fan el Centro Cat\u00f3lico Multimedial, el asesinato tuvo lugar durante la noche del s\u00e1bado 9 de noviembre \u201cmientras realizaban labores de limpieza en la parroquia de Nuestra Se\u00f1ora de Guadalupe\u201d y los atacantes huyeron en una moto. Uno de los menores muri\u00f3 en el lugar y otro en el hospital.<\/p>\n\n\n\n<p>El hermano que no era monaguillo estaba ayudando a su madre en el trabajo de limpieza, detalla la informaci\u00f3n de la agencia AP, publicada en \u201cEl Financiero\u201d.<\/p>\n\n\n\n<p>Sacerdotes y laicos vinculados a la defensa de los derechos humanos han sido atacados en distintos momentos y en diferentes puntos de M\u00e9xico.<\/p>\n\n\n\n<p>El caso m\u00e1s reciente fue el asesinato del padre Marcelo P\u00e9rez en octubre, un sacerdote tsotsil reconocido por tratar de mediar en la disputa que c\u00e1rteles de la droga tienen en Chiapas. Fue baleado despu\u00e9s de celebrar misa.<\/p>\n\n\n\n<p>P\u00e9rez fue el d\u00e9cimo sacerdote asesinado en M\u00e9xico en cinco a\u00f1os, expone la agencia AP.<\/p>\n\n\n\n<p>EN SINALOA<\/p>\n\n\n\n<p>Por otra parte, Ram\u00f3n Alberto Vel\u00e1zquez Ontiveros, un hombre de 52 a\u00f1os de edad fue privado de su libertad y posteriormente encontrado sin signos vitales en inmediaciones de la comunidad de Higueras de Abuya en Culiac\u00e1n, Sinaloa.<\/p>\n\n\n\n<p>Los hechos fueron informados por la prensa local el martes 12 de noviembre, detalla una nota informativa de Infobae M\u00e9xico.&nbsp;<\/p>\n\n\n\n<p>Alberto Vel\u00e1zquez es delegado de la Asociaci\u00f3n Ganadera en Culiac\u00e1n, un hombre al que se acercaron sujetos armados para llev\u00e1rselo, posteriormente medios locales informaron que dicho hombre fue hallado con disparos de arma de fuego.<\/p>\n\n\n\n<p>El portal \u201cLuz Noticias\u201d detall\u00f3 que la privaci\u00f3n de la libertad del l\u00edder ganadero fue registrada alrededor de las 3:00 de la tarde cuando el hombre estaba en la carretera M\u00e9xico 15. Posteriormente fue reportado el hallazgo del cuerpo de Vel\u00e1zquez Ontiveros, espec\u00edficamente en la comunidad de El Espinal, ubicada en Elota.<\/p>\n\n\n\n<p>Los reportes indican que cerca del cuerpo fue hallado un mensaje en una cartulina, cuyo contenido no ha sido revelado. Al parecer los responsables de las acciones violentas viajaban en camionetas, las cuales habr\u00edan utilizado para llevarse a Vel\u00e1zquez Ontiveros.<\/p>\n\n\n\n<p>Im\u00e1genes que circularon en redes sociales, al parecer sobre la escena del crimen, muestran un pedazo de cart\u00f3n con los dibujos de dos rebanadas de pizzas, imagen ligada con la c\u00e9lula criminal liderada por los hijos de Joaqu\u00edn El Chapo Guzm\u00e1n, rese\u00f1a Infobae M\u00e9xico.<\/p>\n\n\n\n<p>Al menos hasta las 7:00 de la noche del martes en las redes sociales de la Fiscal\u00eda General de Sinaloa no hab\u00eda compartido alg\u00fan posicionamiento respecto a los hechos. Por su parte, en el sitio donde fue hallado el cuerpo tambi\u00e9n fue encontrada una credencial de la Uni\u00f3n Ganadera, seg\u00fan reporta el medio Los Noticieristas.<\/p>\n\n\n\n<p>La nota informativa de Infobae destaca que, en otras acciones, a finales de septiembre pasado fue asesinado Faustino Hern\u00e1ndez \u00c1lvarez, quien era presidente de la Uni\u00f3n Ganadera Regional del Estado y quien tuvo una trayectoria en la pol\u00edtica local.<\/p>\n\n\n\n<p>El gobernador de Sinaloa, Rub\u00e9n Rocha Moya confirm\u00f3 la cancelaci\u00f3n del Feria Ganadera debido a \u201cdiferentes factores que pueden generar violencia\u201d. Al ser cuestionado por un mensaje amenazante en su contra, el mandatario neg\u00f3 que la cancelaci\u00f3n fuera a ra\u00edz del hallazgo del mismo y en su lugar refiri\u00f3 la presencia de cantantes de corridos.<\/p>\n","protected":false},"excerpt":{"rendered":"<p>Redacci\u00f3n\/Zona Roja Cdmx. Ciudad de M\u00e9xico, a 13 de noviembre de 2024.- Un caso m\u00e1s&hellip;<\/p>\n","protected":false},"author":2,"featured_media":74434,"comment_status":"closed","ping_status":"open","sticky":false,"template":"","format":"standard","meta":{"_lmt_disableupdate":"","_lmt_disable":"","_jetpack_memberships_contains_paid_content":false,"footnotes":""},"categories":[109,51],"tags":[4112],"class_list":["post-74433","post","type-post","status-publish","format-standard","has-post-thumbnail","hentry","category-minuto-a-minuto","category-zona-roja","tag-monaguillos-veracruz"],"jetpack_featured_media_url":"https:\/\/zonaroja.com.mx\/wp-content\/uploads\/2024\/11\/Menores-asesinados-monaguillo-Veracruz.jpg","jetpack_sharing_enabled":true,"_links":{"self":[{"href":"https:\/\/zonaroja.com.mx\/index.php?rest_route=\/wp\/v2\/posts\/74433","targetHints":{"allow":["GET"]}}],"collection":[{"href":"https:\/\/zonaroja.com.mx\/index.php?rest_route=\/wp\/v2\/posts"}],"about":[{"href":"https:\/\/zonaroja.com.mx\/index.php?rest_route=\/wp\/v2\/types\/post"}],"author":[{"embeddable":true,"href":"https:\/\/zonaroja.com.mx\/index.php?rest_route=\/wp\/v2\/users\/2"}],"replies":[{"embeddable":true,"href":"https:\/\/zonaroja.com.mx\/index.php?rest_route=%2Fwp%2Fv2%2Fcomments&post=74433"}],"version-history":[{"count":1,"href":"https:\/\/zonaroja.com.mx\/index.php?rest_route=\/wp\/v2\/posts\/74433\/revisions"}],"predecessor-version":[{"id":74435,"href":"https:\/\/zonaroja.com.mx\/index.php?rest_route=\/wp\/v2\/posts\/74433\/revisions\/74435"}],"wp:featuredmedia":[{"embeddable":true,"href":"https:\/\/zonaroja.com.mx\/index.php?rest_route=\/wp\/v2\/media\/74434"}],"wp:attachment":[{"href":"https:\/\/zonaroja.com.mx\/index.php?rest_route=%2Fwp%2Fv2%2Fmedia&parent=74433"}],"wp:term":[{"taxonomy":"category","embeddable":true,"href":"https:\/\/zonaroja.com.mx\/index.php?rest_route=%2Fwp%2Fv2%2Fcategories&post=74433"},{"taxonomy":"post_tag","embeddable":true,"href":"https:\/\/zonaroja.com.mx\/index.php?rest_route=%2Fwp%2Fv2%2Ftags&post=74433"}],"curies":[{"name":"wp","href":"https:\/\/api.w.org\/{rel}","templated":true}]}}