{"id":74441,"date":"2024-11-13T11:48:00","date_gmt":"2024-11-13T17:48:00","guid":{"rendered":"https:\/\/zonaroja.com.mx\/?p=74441"},"modified":"2024-11-13T06:51:24","modified_gmt":"2024-11-13T12:51:24","slug":"confirman-violencia-politica-de-genero-en-san-martin-peras","status":"publish","type":"post","link":"https:\/\/zonaroja.com.mx\/?p=74441","title":{"rendered":"Confirman violencia pol\u00edtica de g\u00e9nero en San Mart\u00edn Peras"},"content":{"rendered":"\n<p>Redacci\u00f3n\/Zona Roja.<\/p>\n\n\n\n<p>Oaxaca de Ju\u00e1rez, Oax., a 13 de noviembre de 2024.- El Tribunal Electoral del Estado de Oaxaca (TEEO) declar\u00f3 existente la obstrucci\u00f3n en el ejercicio del cargo y la violencia pol\u00edtica en raz\u00f3n de g\u00e9nero, cometida por el presidente municipal de San Mart\u00edn Peras, en contra de una concejal suplente de ese ayuntamiento.<\/p>\n\n\n\n<p>La resoluci\u00f3n del juicio de la ciudadan\u00eda con clave: JDC\/21\/2024, aprobado por unanimidad del Pleno, se\u00f1ala que qued\u00f3 demostrado que la actora fue privada de su libertad el pasado seis de febrero, conforme a las manifestaciones vertidas, el caudal probatorio y del contexto del presente asunto.<\/p>\n\n\n\n<p>Aunado a ello, advierte que, el presidente municipal no aport\u00f3 elementos de prueba suficientes para desvirtuar las conductas que se le atribuyen, atendiendo al principio de reversi\u00f3n de la carga probatoria.<\/p>\n\n\n\n<p>Respecto a la obstrucci\u00f3n en el ejercicio del cargo, este Tribunal consider\u00f3 que se confirmaron los se\u00f1alamientos de la actora, en el sentido de que no se le ha dejado desempe\u00f1ar de manera correcta sus actividades como suplente de la Regidur\u00eda a la que pertenece, deleg\u00e1ndole labores que no eran propias de sus funciones, sin dotarle adem\u00e1s de los medios para su correcto desempe\u00f1o.<\/p>\n\n\n\n<p>Estos actos, aclar\u00f3, tampoco los desvirtu\u00f3 el edil de San Mart\u00edn Peras.<\/p>\n","protected":false},"excerpt":{"rendered":"<p>Redacci\u00f3n\/Zona Roja. Oaxaca de Ju\u00e1rez, Oax., a 13 de noviembre de 2024.- El Tribunal Electoral&hellip;<\/p>\n","protected":false},"author":2,"featured_media":74442,"comment_status":"closed","ping_status":"open","sticky":false,"template":"","format":"standard","meta":{"_lmt_disableupdate":"","_lmt_disable":"","_jetpack_memberships_contains_paid_content":false,"footnotes":""},"categories":[109,46],"tags":[1872],"class_list":["post-74441","post","type-post","status-publish","format-standard","has-post-thumbnail","hentry","category-minuto-a-minuto","category-zona-blanca","tag-san-martin-peras"],"jetpack_featured_media_url":"https:\/\/zonaroja.com.mx\/wp-content\/uploads\/2024\/11\/San-Martin-Peras.jpg","jetpack_sharing_enabled":true,"_links":{"self":[{"href":"https:\/\/zonaroja.com.mx\/index.php?rest_route=\/wp\/v2\/posts\/74441","targetHints":{"allow":["GET"]}}],"collection":[{"href":"https:\/\/zonaroja.com.mx\/index.php?rest_route=\/wp\/v2\/posts"}],"about":[{"href":"https:\/\/zonaroja.com.mx\/index.php?rest_route=\/wp\/v2\/types\/post"}],"author":[{"embeddable":true,"href":"https:\/\/zonaroja.com.mx\/index.php?rest_route=\/wp\/v2\/users\/2"}],"replies":[{"embeddable":true,"href":"https:\/\/zonaroja.com.mx\/index.php?rest_route=%2Fwp%2Fv2%2Fcomments&post=74441"}],"version-history":[{"count":1,"href":"https:\/\/zonaroja.com.mx\/index.php?rest_route=\/wp\/v2\/posts\/74441\/revisions"}],"predecessor-version":[{"id":74443,"href":"https:\/\/zonaroja.com.mx\/index.php?rest_route=\/wp\/v2\/posts\/74441\/revisions\/74443"}],"wp:featuredmedia":[{"embeddable":true,"href":"https:\/\/zonaroja.com.mx\/index.php?rest_route=\/wp\/v2\/media\/74442"}],"wp:attachment":[{"href":"https:\/\/zonaroja.com.mx\/index.php?rest_route=%2Fwp%2Fv2%2Fmedia&parent=74441"}],"wp:term":[{"taxonomy":"category","embeddable":true,"href":"https:\/\/zonaroja.com.mx\/index.php?rest_route=%2Fwp%2Fv2%2Fcategories&post=74441"},{"taxonomy":"post_tag","embeddable":true,"href":"https:\/\/zonaroja.com.mx\/index.php?rest_route=%2Fwp%2Fv2%2Ftags&post=74441"}],"curies":[{"name":"wp","href":"https:\/\/api.w.org\/{rel}","templated":true}]}}