{"id":7445,"date":"2020-01-08T18:38:55","date_gmt":"2020-01-09T00:38:55","guid":{"rendered":"http:\/\/www.zonaroja.com.mx\/?p=7445"},"modified":"2020-01-08T18:38:59","modified_gmt":"2020-01-09T00:38:59","slug":"evade-gobierno-de-oaxaca-resoluciones-de-tribunales-en-caso-de-fotoperiodista-asesinada","status":"publish","type":"post","link":"https:\/\/zonaroja.com.mx\/?p=7445","title":{"rendered":"Evade gobierno de Oaxaca resoluciones de tribunales en caso de fotoperiodista asesinada"},"content":{"rendered":"\n<p>Evlin Arag\u00f3n\/Zona Roja.<\/p>\n\n\n\n<p>Oaxaca de Ju\u00e1rez, Oax., 8 de enero de\n2020.- A 19 meses del asesinato de la fotoperiodista Mar\u00eda del Sol Cruz\nJarqu\u00edn, la justicia en Oaxaca a\u00fan no llega para su familia, que ha tenido que\nagregar al sufrimiento de la p\u00e9rdida de la joven, la indignaci\u00f3n ante la falta\nde acci\u00f3n por parte de las autoridades de procuraci\u00f3n de justicia y de gobierno,\nque no han sido capaces de dar con los responsables de los hechos. <\/p>\n\n\n\n<p>La periodista Soledad Jarqu\u00edn Edgar\nrecord\u00f3 que en marzo del 2019, hace ya 10 meses &#8211;y despu\u00e9s de un largo procedimiento\nque incluso pas\u00f3 por la Sala Xalapa del Tribunal Electoral del Poder Judicial\nde la Federaci\u00f3n (TEPJF), tras dos apelaciones&#8211;, dicha sala impuso una multa\nal excandidato a edil Hageo Montero L\u00f3pez, de 90 mil 691 pesos, por incurrir en\nlo que podr\u00eda denominarse actos de corrupci\u00f3n electoral <\/p>\n\n\n\n<p>Previamente, el Tribunal Estatal\nElectoral de Oaxaca (TEEO) hab\u00eda determinado una multa 20 mil 150 pesos al\nexcandidato a la primera concejal\u00eda del ayuntamiento, Hageo Montero L\u00f3pez;\nresoluci\u00f3n que fue impugnada por la familia de la joven, logrando que la\ninstancia federal aumentara la multa, la cual tampoco se ha hecho efectiva\nhasta el momento por parte de la Secretar\u00eda de Finanzas del Gobierno de Oaxaca\n(Sefin). <\/p>\n\n\n\n<p>\u201cEn marzo de 2019, hace 10 meses\n@TEEOax @TEPJF_XAL impusieron una multa por incurrir en lo que podr\u00eda\ndenominarse actos de corrupci\u00f3n electoral al hoy regidor de #Juchit\u00e1n Hageo\nMontero L\u00f3pez. Sin embargo, la Secretar\u00eda de Finanzas del Estado de Oaxaca no\nha ejecutado la acci\u00f3n tal y como se estableci\u00f3\u201d, refiere la madre de la joven\na trav\u00e9s de sus redes sociales. <\/p>\n\n\n\n<p>Una \u00faltima resoluci\u00f3n del TEEO, con\nfecha 13 de diciembre del 2019, evidencia la falta de cumplimiento a la\nsentencia previa en torno al pago de la multa que le fue impuesta a Hageo\nMontero, por lo que la m\u00e1xima autoridad electoral en Oaxaca orden\u00f3 de nueva\ncuenta al titular de la Sefin, Vicente Mendoza, cumpla en tiempo y forma con lo\ndeterminado. <\/p>\n\n\n\n<p>La falta de respuesta por parte de\nlas autoridades en Oaxaca incluye al mandatario estatal Alejandro Murat, a quien\nse le otorg\u00f3 la responsabilidad de sancionar a su colaborador Francisco Javier\nMontero L\u00f3pez, quien como secretario de Asuntos Ind\u00edgenas del gobierno del\nestado comision\u00f3 a la fotorreportera para cubrir la campa\u00f1a de su hermano,\nsituaci\u00f3n que est\u00e1 pendiente desde hace m\u00e1s de un a\u00f1o. <\/p>\n\n\n\n<p>\u201cAlejandro Murat, Oaxaca debe dejar\nde ser el #EstadoImpunidad y ordenar al titular de la Sefin a hacer su trabajo.\nDe lo contrario confirmaremos lo que hoy digo: hay #protecci\u00f3n al quienes\nostentan el poder pol\u00edtico, econ\u00f3mico y religioso en Juchit\u00e1n\u201d, insisti\u00f3 la\nreconocida periodista oaxaque\u00f1a.<\/p>\n\n\n\n<p>Fue el 2 de junio de 2018 que un\ncomando&nbsp; armado asesin\u00f3 a la fotorreportera\nMar\u00eda del Sol Cruz Jarqu\u00edn, Pamela Itzamaray Ter\u00e1n Pineda, candidata a concejal\ny su chofer Adelfo Guerra; la estancia de la joven en la zona se deb\u00eda a que\nfue obligada a cubrir la campa\u00f1a pol\u00edtica de&nbsp;\nHageo Montero, mientras se desempe\u00f1aba como funcionaria de la Secretar\u00eda\nde Asuntos Ind\u00edgenas.<\/p>\n","protected":false},"excerpt":{"rendered":"<p>Evlin Arag\u00f3n\/Zona Roja. Oaxaca de Ju\u00e1rez, Oax., 8 de enero de 2020.- A 19 meses&hellip;<\/p>\n","protected":false},"author":2,"featured_media":7446,"comment_status":"closed","ping_status":"open","sticky":false,"template":"","format":"standard","meta":{"_lmt_disableupdate":"","_lmt_disable":"","_jetpack_memberships_contains_paid_content":false,"footnotes":""},"categories":[109,47],"tags":[1059],"class_list":["post-7445","post","type-post","status-publish","format-standard","has-post-thumbnail","hentry","category-minuto-a-minuto","category-zona-gris","tag-maria-del-sol-cruz-jarquin"],"jetpack_featured_media_url":"https:\/\/zonaroja.com.mx\/wp-content\/uploads\/2020\/01\/Mar\u00eda-del-Sol-Cruz-Jarqu\u00edn.jpg","jetpack_sharing_enabled":true,"_links":{"self":[{"href":"https:\/\/zonaroja.com.mx\/index.php?rest_route=\/wp\/v2\/posts\/7445","targetHints":{"allow":["GET"]}}],"collection":[{"href":"https:\/\/zonaroja.com.mx\/index.php?rest_route=\/wp\/v2\/posts"}],"about":[{"href":"https:\/\/zonaroja.com.mx\/index.php?rest_route=\/wp\/v2\/types\/post"}],"author":[{"embeddable":true,"href":"https:\/\/zonaroja.com.mx\/index.php?rest_route=\/wp\/v2\/users\/2"}],"replies":[{"embeddable":true,"href":"https:\/\/zonaroja.com.mx\/index.php?rest_route=%2Fwp%2Fv2%2Fcomments&post=7445"}],"version-history":[{"count":1,"href":"https:\/\/zonaroja.com.mx\/index.php?rest_route=\/wp\/v2\/posts\/7445\/revisions"}],"predecessor-version":[{"id":7447,"href":"https:\/\/zonaroja.com.mx\/index.php?rest_route=\/wp\/v2\/posts\/7445\/revisions\/7447"}],"wp:featuredmedia":[{"embeddable":true,"href":"https:\/\/zonaroja.com.mx\/index.php?rest_route=\/wp\/v2\/media\/7446"}],"wp:attachment":[{"href":"https:\/\/zonaroja.com.mx\/index.php?rest_route=%2Fwp%2Fv2%2Fmedia&parent=7445"}],"wp:term":[{"taxonomy":"category","embeddable":true,"href":"https:\/\/zonaroja.com.mx\/index.php?rest_route=%2Fwp%2Fv2%2Fcategories&post=7445"},{"taxonomy":"post_tag","embeddable":true,"href":"https:\/\/zonaroja.com.mx\/index.php?rest_route=%2Fwp%2Fv2%2Ftags&post=7445"}],"curies":[{"name":"wp","href":"https:\/\/api.w.org\/{rel}","templated":true}]}}