{"id":74454,"date":"2024-11-13T19:45:21","date_gmt":"2024-11-14T01:45:21","guid":{"rendered":"https:\/\/zonaroja.com.mx\/?p=74454"},"modified":"2024-11-13T19:45:23","modified_gmt":"2024-11-14T01:45:23","slug":"revelan-opinion-del-mayo-zambada-sobre-amlo-que-piensa-el-capo","status":"publish","type":"post","link":"https:\/\/zonaroja.com.mx\/?p=74454","title":{"rendered":"Revelan opini\u00f3n del &#8216;Mayo\u2019 Zambada sobre AMLO: \u00bfqu\u00e9 piensa el capo?"},"content":{"rendered":"\n<p>Redacci\u00f3n\/Zona Roja Cdmx.<\/p>\n\n\n\n<p>Ciudad de M\u00e9xico, a 13 de noviembre de 2024.- Ismael \u00abEl Mayo\u00bb Zambada, uno de los l\u00edderes del C\u00e1rtel de Sinaloa, ofreci\u00f3 una \u00faltima entrevista antes de ser detenido por el gobierno de Estados Unidos. La conversaci\u00f3n fue con el periodista Diego Ernesto Osorno, en 2021.<\/p>\n\n\n\n<p>En esa entrevista, la cual forma parte del nuevo libro de Osorno titulado \u201cEn la monta\u00f1a\u201d, el capo habl\u00f3 de Estados Unidos, su negocio y de Andr\u00e9s Manuel L\u00f3pez Obrador, quien en el momento de la conversaci\u00f3n a\u00fan era presidente de M\u00e9xico.<\/p>\n\n\n\n<p>\u201cTodo mi respeto al se\u00f1or. Admiro la persistencia que ha tenido tantos a\u00f1os para buscar lo que \u00e9l quer\u00eda y lograrlo\u201d, se lee en el texto que dio a conocer \u201cEl Pa\u00eds\u201d.<\/p>\n\n\n\n<p>\u00abEl Mayo\u00bb asegur\u00f3 que AMLO conoce bien de historia y asegur\u00f3 que \u201cse ve que de verdad quiere al pa\u00eds\u201d.<\/p>\n\n\n\n<p>En la conversaci\u00f3n con Osorno, Zambada tambi\u00e9n habla de que Estados Unidos y asegura que es un negocio que ese pa\u00eds necesita; sin embargo, afirma que no ha sido f\u00e1cil y que al igual que cualquier persona \u201cbatallamos, como todos. Hay que trabajar mucho para mantener los negocios y la familia\u201d, dijo.<\/p>\n\n\n\n<p>Zambada tambi\u00e9n habl\u00f3 de terrorismo y asegur\u00f3 que si Estados Unidos cataloga a M\u00e9xico como tal, ser\u00eda la justificaci\u00f3n para \u00abponer una bomba\u00bb.<\/p>\n\n\n\n<p>Esta es la segunda ocasi\u00f3n en la que un periodista logra entrevistar al capo, la primera vez fue Julio Scherer quien logr\u00f3 la haza\u00f1a. La conversaci\u00f3n se public\u00f3 en 2010, en el semanario \u201cProceso\u201d. Una foto del periodista con Zambada fue la portada de la revista.<\/p>\n\n\n\n<p>El libro de Osorno ser\u00e1 publicado en un par de semanas por la editorial Anagrama, sin embargo, \u201cEl Pa\u00eds\u201d tuvo acceso a unos fragmentos de la conversaci\u00f3n que el periodista tuvo durante tres horas con el capo que actualmente est\u00e1 preso en Estados Unidos y que podr\u00eda enfrentar una sentencia de muerte.<\/p>\n\n\n\n<p>Zambada fue detenido el 25 de julio de este a\u00f1o. Las versiones de su detenci\u00f3n fueron contradictorias en un principio, pues primero se manej\u00f3 el capo se hab\u00eda entregado.<\/p>\n\n\n\n<p>Despu\u00e9s se revel\u00f3 que al \u00abMayo\u00bb lo traicion\u00f3 su compadre, Joaqu\u00edn \u00abEl Chapo\u00bb Guzm\u00e1n, pues fue el quien le orden\u00f3 a su hijo Joaqu\u00edn Guzm\u00e1n L\u00f3pez que lo entregara.<\/p>\n\n\n\n<p>El propio \u201cMayo\u201d Zambada confes\u00f3 en una carta que uno de los hijos del Chapo le tendi\u00f3 una trampa, lo secuestr\u00f3 y lo llev\u00f3 a Estados Unidos, donde era uno de los objetivos m\u00e1s buscados.<\/p>\n\n\n\n<p>(Informaci\u00f3n de Pol\u00edtico.Mx)<\/p>\n","protected":false},"excerpt":{"rendered":"<p>Redacci\u00f3n\/Zona Roja Cdmx. Ciudad de M\u00e9xico, a 13 de noviembre de 2024.- Ismael \u00abEl Mayo\u00bb&hellip;<\/p>\n","protected":false},"author":2,"featured_media":70770,"comment_status":"closed","ping_status":"open","sticky":false,"template":"","format":"standard","meta":{"_lmt_disableupdate":"","_lmt_disable":"","_jetpack_memberships_contains_paid_content":false,"footnotes":""},"categories":[109,47],"tags":[3847],"class_list":["post-74454","post","type-post","status-publish","format-standard","has-post-thumbnail","hentry","category-minuto-a-minuto","category-zona-gris","tag-ismael-el-mayo-zambada"],"jetpack_featured_media_url":"https:\/\/zonaroja.com.mx\/wp-content\/uploads\/2024\/07\/Ismael-mayo-Zambada.tiff","jetpack_sharing_enabled":true,"_links":{"self":[{"href":"https:\/\/zonaroja.com.mx\/index.php?rest_route=\/wp\/v2\/posts\/74454","targetHints":{"allow":["GET"]}}],"collection":[{"href":"https:\/\/zonaroja.com.mx\/index.php?rest_route=\/wp\/v2\/posts"}],"about":[{"href":"https:\/\/zonaroja.com.mx\/index.php?rest_route=\/wp\/v2\/types\/post"}],"author":[{"embeddable":true,"href":"https:\/\/zonaroja.com.mx\/index.php?rest_route=\/wp\/v2\/users\/2"}],"replies":[{"embeddable":true,"href":"https:\/\/zonaroja.com.mx\/index.php?rest_route=%2Fwp%2Fv2%2Fcomments&post=74454"}],"version-history":[{"count":1,"href":"https:\/\/zonaroja.com.mx\/index.php?rest_route=\/wp\/v2\/posts\/74454\/revisions"}],"predecessor-version":[{"id":74455,"href":"https:\/\/zonaroja.com.mx\/index.php?rest_route=\/wp\/v2\/posts\/74454\/revisions\/74455"}],"wp:featuredmedia":[{"embeddable":true,"href":"https:\/\/zonaroja.com.mx\/index.php?rest_route=\/wp\/v2\/media\/70770"}],"wp:attachment":[{"href":"https:\/\/zonaroja.com.mx\/index.php?rest_route=%2Fwp%2Fv2%2Fmedia&parent=74454"}],"wp:term":[{"taxonomy":"category","embeddable":true,"href":"https:\/\/zonaroja.com.mx\/index.php?rest_route=%2Fwp%2Fv2%2Fcategories&post=74454"},{"taxonomy":"post_tag","embeddable":true,"href":"https:\/\/zonaroja.com.mx\/index.php?rest_route=%2Fwp%2Fv2%2Ftags&post=74454"}],"curies":[{"name":"wp","href":"https:\/\/api.w.org\/{rel}","templated":true}]}}