{"id":74462,"date":"2024-11-13T22:27:27","date_gmt":"2024-11-14T04:27:27","guid":{"rendered":"https:\/\/zonaroja.com.mx\/?p=74462"},"modified":"2024-11-13T22:27:43","modified_gmt":"2024-11-14T04:27:43","slug":"denuncian-corrupcion-de-juez-federal-en-oaxaca","status":"publish","type":"post","link":"https:\/\/zonaroja.com.mx\/?p=74462","title":{"rendered":"Escalan protestas; denuncian corrupci\u00f3n de juez federal en Oaxaca\u00a0"},"content":{"rendered":"\n<p>Ismael Garc\u00eda M.\/Zona Roja.<\/p>\n\n\n\n<p>Oaxaca de Ju\u00e1rez, Oax., a 13 de noviembre de 2024.- Integrantes de diversas organizaciones sociales agrupadas en la Alianza de Pueblos por la Justicia Social, denunciaron probables actos de corrupci\u00f3n de un juez del Poder Judicial de la Federaci\u00f3n en Oaxaca.<\/p>\n\n\n\n<p>La manifestaci\u00f3n ocurri\u00f3 en el z\u00f3calo de la capital y en la sede de juzgados federales, ubicados en San Bartolo Coyotepec, donde se concentraron los inconformes.<\/p>\n\n\n\n<p>Esta movilizaci\u00f3n se dio en el marco de al menos una decena de protestas ocurridas este mi\u00e9rcoles en la entidad, a 48 horas de que el mandatario Salom\u00f3n Jara Cruz entregue su segundo informe de labores al Congreso del Estado.<\/p>\n\n\n\n<p>Primero en el z\u00f3calo, la Alianza de Pueblos demand\u00f3 justicia por los asesinatos de varias personas, entre ellas Luis Donaldo, Eugenio Pablo y Yesenia S\u00e1nchez ocurridos en el 2021.<\/p>\n\n\n\n<p>As\u00ed mismo, esclarecimiento y castigo a los responsables del atentado contra Jos\u00e9 Mart\u00ednez, dirigente de la Asamblea Comunitaria del Poder Popular (ACOPP) en abril de 2024.<\/p>\n\n\n\n<p>De la misma manera, hasta ahora no ha habido justicia por el asesinato de una mujer, Yesenia S. S., ocurrido hace siete a\u00f1os, presuntamente por su ex pareja.<\/p>\n\n\n\n<p>EN JUZGADOS<\/p>\n\n\n\n<p>Tras ello se trasladaron a los juzgados federales, con sede en San Bartolo Coyotepec, donde bloquearon temporalmente la vialidad y efectuaron una manifestaci\u00f3n en el exterior de la sede.<\/p>\n\n\n\n<p>Ah\u00ed denunciaron la presunta corrupci\u00f3n del Juez Octavo de Distrito, Rodolfo S\u00e1nchez Zepeda, por mantener en prisi\u00f3n preventiva a un ind\u00edgena Juli\u00e1n Ram\u00edrez, pese a que se ha comprobado su inocencia en el delito del que se le acusa.<\/p>\n\n\n\n<p>En diversas intervenciones, acusaron tambi\u00e9n racismo por parte del juzgador, al negarse a recibir a una representaci\u00f3n del gremio para atender el caso, como ocurri\u00f3 ayer.<\/p>\n\n\n\n<p>Por ello, amagaron con instalarse en \u201cplant\u00f3n\u201d indefinido en la sede del Poder Judicial federal, de no ser atendidos.<\/p>\n\n\n\n<p>M\u00c1S PROTESTAS<\/p>\n\n\n\n<p>Previo a ello, tambi\u00e9n en el z\u00f3calo capitalino, integrantes del Frente No a la Miner\u00eda se manifestaron para denunciar m\u00e1s permisos por parte del Estado mexicano y m\u00e1s contaminaci\u00f3n de las compa\u00f1\u00edas mineras en la entidad.<\/p>\n\n\n\n<p>Insistieron en la cancelaci\u00f3n de una concesi\u00f3n otorgada a la Minera Cuzcatl\u00e1n, con sede en San Jos\u00e9 del Progreso, por seguir contaminando los r\u00edos y suelos.<\/p>\n\n\n\n<p>Tambi\u00e9n arribaron integrantes de la Federaci\u00f3n Nacional de Estudiantes Revolucionarios \u201cRafael Ram\u00edrez\u201d, para demandar a las autoridades federales una mayor asignaci\u00f3n presupuestal al sector educativo.<\/p>\n\n\n\n<p>Mientras que en la comunidad de Vega del Sol, Santa Mar\u00eda Jacatepec, regi\u00f3n de la Cuenca, continu\u00f3 una protesta con cierre de vialidades por parte de pobladores que exigen la rehabilitaci\u00f3n de un puente da\u00f1ado o en su caso la construcci\u00f3n de uno nuevo.<\/p>\n\n\n\n<p>Adem\u00e1s, en el municipio de Uni\u00f3n Hidalgo, regi\u00f3n del Istmo, por tercer d\u00eda hubo protesta por parte de padres de familia ante un problema educativo.<\/p>\n","protected":false},"excerpt":{"rendered":"<p>Ismael Garc\u00eda M.\/Zona Roja. Oaxaca de Ju\u00e1rez, Oax., a 13 de noviembre de 2024.- Integrantes&hellip;<\/p>\n","protected":false},"author":2,"featured_media":74463,"comment_status":"closed","ping_status":"open","sticky":false,"template":"","format":"standard","meta":{"_lmt_disableupdate":"","_lmt_disable":"","_jetpack_memberships_contains_paid_content":false,"footnotes":""},"categories":[109,47],"tags":[347],"class_list":["post-74462","post","type-post","status-publish","format-standard","has-post-thumbnail","hentry","category-minuto-a-minuto","category-zona-gris","tag-protestas-sociales-oaxaca"],"jetpack_featured_media_url":"https:\/\/zonaroja.com.mx\/wp-content\/uploads\/2024\/11\/Protesta-Alianza-de-Pueblos.jpg","jetpack_sharing_enabled":true,"_links":{"self":[{"href":"https:\/\/zonaroja.com.mx\/index.php?rest_route=\/wp\/v2\/posts\/74462","targetHints":{"allow":["GET"]}}],"collection":[{"href":"https:\/\/zonaroja.com.mx\/index.php?rest_route=\/wp\/v2\/posts"}],"about":[{"href":"https:\/\/zonaroja.com.mx\/index.php?rest_route=\/wp\/v2\/types\/post"}],"author":[{"embeddable":true,"href":"https:\/\/zonaroja.com.mx\/index.php?rest_route=\/wp\/v2\/users\/2"}],"replies":[{"embeddable":true,"href":"https:\/\/zonaroja.com.mx\/index.php?rest_route=%2Fwp%2Fv2%2Fcomments&post=74462"}],"version-history":[{"count":2,"href":"https:\/\/zonaroja.com.mx\/index.php?rest_route=\/wp\/v2\/posts\/74462\/revisions"}],"predecessor-version":[{"id":74465,"href":"https:\/\/zonaroja.com.mx\/index.php?rest_route=\/wp\/v2\/posts\/74462\/revisions\/74465"}],"wp:featuredmedia":[{"embeddable":true,"href":"https:\/\/zonaroja.com.mx\/index.php?rest_route=\/wp\/v2\/media\/74463"}],"wp:attachment":[{"href":"https:\/\/zonaroja.com.mx\/index.php?rest_route=%2Fwp%2Fv2%2Fmedia&parent=74462"}],"wp:term":[{"taxonomy":"category","embeddable":true,"href":"https:\/\/zonaroja.com.mx\/index.php?rest_route=%2Fwp%2Fv2%2Fcategories&post=74462"},{"taxonomy":"post_tag","embeddable":true,"href":"https:\/\/zonaroja.com.mx\/index.php?rest_route=%2Fwp%2Fv2%2Ftags&post=74462"}],"curies":[{"name":"wp","href":"https:\/\/api.w.org\/{rel}","templated":true}]}}