{"id":74466,"date":"2024-11-14T07:08:58","date_gmt":"2024-11-14T13:08:58","guid":{"rendered":"https:\/\/zonaroja.com.mx\/?p=74466"},"modified":"2024-11-14T07:09:00","modified_gmt":"2024-11-14T13:09:00","slug":"equipan-a-corporaciones-de-seguridad-con-inversion-superior-a-los-42-mdp","status":"publish","type":"post","link":"https:\/\/zonaroja.com.mx\/?p=74466","title":{"rendered":"Equipan a corporaciones de seguridad con inversi\u00f3n superior a los 42 mdp"},"content":{"rendered":"\n<p>Redacci\u00f3n\/Zona Roja.&nbsp;<\/p>\n\n\n\n<p>Oaxaca de Ju\u00e1rez, Oax., a 14 de noviembre de 2024.- El gobierno de Oaxaca entreg\u00f3 ayer equipamiento a corporaciones de seguridad p\u00fablica estatal, con una inversi\u00f3n superior a los 42 millones de pesos.<\/p>\n\n\n\n<p>El acto se efectu\u00f3 en el cuartel general de la Polic\u00eda Estatal, en el municipio de San Bartolo Coyotepec, y fue encabezado por el mandatario Salom\u00f3n Jara Cruz, donde anunci\u00f3 que se presentar\u00e1 una iniciativa de ley a la nueva Legislatura local para que las y los elementos de seguridad obtengan una pensi\u00f3n digna para su retiro.<\/p>\n\n\n\n<p>Se trata de cinco mil 512 uniformes y cinco patrullas equipadas, con una inversi\u00f3n de mezcla de recursos entre los gobiernos estatal y federal por m\u00e1s de 42 millones de pesos para fortalecer el trabajo policial en el territorio oaxaque\u00f1o y la entidad siga siendo un referente de seguridad en el pa\u00eds.<\/p>\n\n\n\n<p>El gobernante oaxaque\u00f1o resalt\u00f3 que con este logro se sientan las bases de una pol\u00edtica de seguridad p\u00fablica m\u00e1s eficaz, que suministre con puntualidad el equipamiento, las herramientas y los insumos necesarios para apuntalar el desempe\u00f1o de mujeres y hombres de las corporaciones.<\/p>\n\n\n\n<p>Anunci\u00f3 que en los pr\u00f3ximos d\u00edas iniciar\u00e1 operaciones la Universidad de la Seguridad P\u00fablica y Paz Social del Estado de Oaxaca para la profesionalizaci\u00f3n de quienes trabajan al servicio y protecci\u00f3n del pueblo.<\/p>\n\n\n\n<p>Esta entrega a favor de elementos de la Polic\u00eda Estatal, Polic\u00eda Vial Estatal; Polic\u00eda Auxiliar, Bancaria, Industrial y Comercial (PABIC), del Heroico Cuerpo de Bomberos de Oaxaca (HCBO) y personal de custodia, es el resultado de la coordinaci\u00f3n de la Secretar\u00eda de Seguridad y Protecci\u00f3n Ciudadana (SSPC) y el Secretariado Ejecutivo del Sistema Estatal de Seguridad P\u00fablica (SESESP).<\/p>\n\n\n\n<p>INAUGURAN POLIDEPORTIVO<\/p>\n\n\n\n<p>Previo a ello y como parte de las acciones realizadas para impulsar como nunca antes una sociedad m\u00e1s sana, Jara Cruz inaugur\u00f3 la rehabilitaci\u00f3n del Polideportivo \u201cVenustiano Carranza\u201d, espacio que por muchas d\u00e9cadas ha sido referente notable para la formaci\u00f3n y la pr\u00e1ctica del deporte convencional y adaptado.<\/p>\n\n\n\n<p>Previo al recorrido por las nuevas instalaciones que incluy\u00f3 la intervenci\u00f3n del complejo Villa Primavera, antes denominado CRAD y requiri\u00f3 una inversi\u00f3n superior a los 10 millones de pesos, el mandatario estatal expres\u00f3 que para su gobierno, el deporte es un componente del equilibrio social y de la paz, cuya pr\u00e1ctica brinda beneficios en la salud f\u00edsica y mental, y abona a sana convivencia y el fortalecimiento del tejido social.<\/p>\n\n\n\n<p>\u201cDesde hace dos a\u00f1os, al inicio de la Primavera Oaxaque\u00f1a, hemos hecho del deporte un pilar de nuestro proyecto de desarrollo social. Con toda nuestra voluntad y compromiso estamos dando apoyo a las y los deportistas de alto rendimiento\u201d, afirm\u00f3 el mandatario estatal.<\/p>\n\n\n\n<p>Las y los oaxaque\u00f1os podr\u00e1n disfrutar de las renovaciones en las pistas de atletismo, canchas de futbol, albercas, gimnasio, canchas m\u00faltiples de basquetbol, voleibol y futbol de sala; as\u00ed como en gradas, \u00e1reas de juegos infantiles, entre otros espacios.<\/p>\n\n\n\n<p>La Villa Primavera tambi\u00e9n ofrecer\u00e1 servicios de gimnasia, muro de escalar, box, tae kwon do, yoga, nataci\u00f3n, zumba, y contar\u00e1 con oficinas del \u00e1rea m\u00e9dica en psicolog\u00eda, m\u00e9dico del deporte, fisioterapeuta, entre otros.<\/p>\n\n\n\n<p>Estas acciones se suman a los apoyos econ\u00f3micos que el gobernador de Oaxaca ha brindado a 967 deportistas oaxaque\u00f1os, y busca beneficiar con actividades deportivas a m\u00e1s oaxaque\u00f1as y oaxaque\u00f1os.<\/p>\n","protected":false},"excerpt":{"rendered":"<p>Redacci\u00f3n\/Zona Roja.&nbsp; Oaxaca de Ju\u00e1rez, Oax., a 14 de noviembre de 2024.- El gobierno de&hellip;<\/p>\n","protected":false},"author":2,"featured_media":74467,"comment_status":"closed","ping_status":"open","sticky":false,"template":"","format":"standard","meta":{"_lmt_disableupdate":"","_lmt_disable":"","_jetpack_memberships_contains_paid_content":false,"footnotes":""},"categories":[109,46],"tags":[939],"class_list":["post-74466","post","type-post","status-publish","format-standard","has-post-thumbnail","hentry","category-minuto-a-minuto","category-zona-blanca","tag-salomon-jara-cruz"],"jetpack_featured_media_url":"https:\/\/zonaroja.com.mx\/wp-content\/uploads\/2024\/11\/Como-nunca-respalda-Gobierno-de-Oaxaca-a-las-corporaciones-de-seguridad-5.jpeg","jetpack_sharing_enabled":true,"_links":{"self":[{"href":"https:\/\/zonaroja.com.mx\/index.php?rest_route=\/wp\/v2\/posts\/74466","targetHints":{"allow":["GET"]}}],"collection":[{"href":"https:\/\/zonaroja.com.mx\/index.php?rest_route=\/wp\/v2\/posts"}],"about":[{"href":"https:\/\/zonaroja.com.mx\/index.php?rest_route=\/wp\/v2\/types\/post"}],"author":[{"embeddable":true,"href":"https:\/\/zonaroja.com.mx\/index.php?rest_route=\/wp\/v2\/users\/2"}],"replies":[{"embeddable":true,"href":"https:\/\/zonaroja.com.mx\/index.php?rest_route=%2Fwp%2Fv2%2Fcomments&post=74466"}],"version-history":[{"count":1,"href":"https:\/\/zonaroja.com.mx\/index.php?rest_route=\/wp\/v2\/posts\/74466\/revisions"}],"predecessor-version":[{"id":74468,"href":"https:\/\/zonaroja.com.mx\/index.php?rest_route=\/wp\/v2\/posts\/74466\/revisions\/74468"}],"wp:featuredmedia":[{"embeddable":true,"href":"https:\/\/zonaroja.com.mx\/index.php?rest_route=\/wp\/v2\/media\/74467"}],"wp:attachment":[{"href":"https:\/\/zonaroja.com.mx\/index.php?rest_route=%2Fwp%2Fv2%2Fmedia&parent=74466"}],"wp:term":[{"taxonomy":"category","embeddable":true,"href":"https:\/\/zonaroja.com.mx\/index.php?rest_route=%2Fwp%2Fv2%2Fcategories&post=74466"},{"taxonomy":"post_tag","embeddable":true,"href":"https:\/\/zonaroja.com.mx\/index.php?rest_route=%2Fwp%2Fv2%2Ftags&post=74466"}],"curies":[{"name":"wp","href":"https:\/\/api.w.org\/{rel}","templated":true}]}}