{"id":74472,"date":"2024-11-14T09:11:00","date_gmt":"2024-11-14T15:11:00","guid":{"rendered":"https:\/\/zonaroja.com.mx\/?p=74472"},"modified":"2024-11-14T07:27:45","modified_gmt":"2024-11-14T13:27:45","slug":"crece-rechazo-a-la-instalacion-de-mineras-en-oaxaca","status":"publish","type":"post","link":"https:\/\/zonaroja.com.mx\/?p=74472","title":{"rendered":"Crece rechazo a la instalaci\u00f3n de mineras en Oaxaca"},"content":{"rendered":"\n<p>Raymundo Morales\/Zona Roja.<\/p>\n\n\n\n<p>Oaxaca de Ju\u00e1rez, Oax., a 14 de noviembre de 2024.- Comunidades de Valles Centrales aglutinadas en el Frente No a la Miner\u00eda por un Futuro de Todas y Todos y a la Organizaci\u00f3n de Pueblos Indigenas Zapotecos (OPIZ), reiteraron su rechazo a la instalaci\u00f3n de compa\u00f1\u00edas mineras en Oaxaca.<\/p>\n\n\n\n<p>Asimismo, en conferencia de prensa este mi\u00e9rcoles, insistieron en la cancelaci\u00f3n del proyecto minero San Jos\u00e9, de la Compa\u00f1\u00eda Minera Cuzcatl\u00e1n e instalada en Sajo Jos\u00e9 del Progreso, y las concesiones mineras otorgadas en sus territorios sin el consentimiento de los pueblos.<\/p>\n\n\n\n<p>\u201cEn este sentido, saludamos y nos solidarizamos con las luchas que existen en Oaxaca y el pa\u00eds contra el extractivismo, ya que, como hemos documentado, las afectaciones y violaciones a derechos humanos generadas por la miner\u00eda, son una constante, en detrimento de nuestro bienestar y territorio\u201d, se\u00f1alaron.&nbsp;<\/p>\n\n\n\n<p>Expresaron adem\u00e1s su solidaridad con la lucha de Capul\u00e1lpam de M\u00e9ndez y por la cancelaci\u00f3n del proyecto minero Natividad, as\u00ed como al Movimiento Agrario Ind\u00edgena Zapatista (MAIZ) que han luchado por justicia y dignidad para los pueblos<\/p>\n\n\n\n<p>\u201cDenunciamos que el proyecto minero San Jos\u00e9, se encuentra en operaci\u00f3n gracias a las prebendas otorgadas por la Secretar\u00eda de Econom\u00eda, la Secretar\u00eda de Medio Ambiente y Recursos Naturales (Semarnat), la Comisi\u00f3n Nacional del Agua (Conagua) y la Procuradur\u00eda Federal de Protecci\u00f3n al Medio Ambiente (Profepa), quienes, a pesar de comprobar la inviabilidad del proyecto con informaci\u00f3n t\u00e9cnica y social, otorgaron los permisos necesarios para que Compa\u00f1\u00eda Minera Cuzcatl\u00e1n siguiera operando en nuestro territorio sin contar con la aprobaci\u00f3n de nuestras asambleas agrarias y municipales\u201d, informaron.<\/p>\n\n\n\n<p>Acusaron que comunidades de Monte del Toro, San Mart\u00edn de los Cansecos y Magdalena Ocotl\u00e1n, han sido objeto de estrategias de la empresa minera para dividirlos.<\/p>\n\n\n\n<p>\u201cNuestras comunidades han decidido: S\u00ed a la Vida, No a la Miner\u00eda, por lo que presentamos un amparo regional firmado por 11 comunidades en diciembre de 2023, contra las 80 mil hect\u00e1reas concesionadas a la compa\u00f1\u00eda minera. Por tal motivo, la empresa y las autoridades estatales o federales deben abstenerse de ingresar a nuestro territorio con el objetivo de promover los supuestos beneficios de la empresa minera\u201d, se\u00f1alaron.<\/p>\n\n\n\n<p>Son alrededor de 29 comunidades que se han unido para rechazar los proyectos mineros y exigir a las autoridades federales y estatales que se cancelen los permisos y concesiones ya otorgadas.<\/p>\n","protected":false},"excerpt":{"rendered":"<p>Raymundo Morales\/Zona Roja. Oaxaca de Ju\u00e1rez, Oax., a 14 de noviembre de 2024.- Comunidades de&hellip;<\/p>\n","protected":false},"author":2,"featured_media":74473,"comment_status":"closed","ping_status":"open","sticky":false,"template":"","format":"standard","meta":{"_lmt_disableupdate":"","_lmt_disable":"","_jetpack_memberships_contains_paid_content":false,"footnotes":""},"categories":[109,46],"tags":[2326],"class_list":["post-74472","post","type-post","status-publish","format-standard","has-post-thumbnail","hentry","category-minuto-a-minuto","category-zona-blanca","tag-compania-minera-cuzcatlan"],"jetpack_featured_media_url":"https:\/\/zonaroja.com.mx\/wp-content\/uploads\/2024\/11\/Frente-No-a-la-Mineria.jpg","jetpack_sharing_enabled":true,"_links":{"self":[{"href":"https:\/\/zonaroja.com.mx\/index.php?rest_route=\/wp\/v2\/posts\/74472","targetHints":{"allow":["GET"]}}],"collection":[{"href":"https:\/\/zonaroja.com.mx\/index.php?rest_route=\/wp\/v2\/posts"}],"about":[{"href":"https:\/\/zonaroja.com.mx\/index.php?rest_route=\/wp\/v2\/types\/post"}],"author":[{"embeddable":true,"href":"https:\/\/zonaroja.com.mx\/index.php?rest_route=\/wp\/v2\/users\/2"}],"replies":[{"embeddable":true,"href":"https:\/\/zonaroja.com.mx\/index.php?rest_route=%2Fwp%2Fv2%2Fcomments&post=74472"}],"version-history":[{"count":1,"href":"https:\/\/zonaroja.com.mx\/index.php?rest_route=\/wp\/v2\/posts\/74472\/revisions"}],"predecessor-version":[{"id":74474,"href":"https:\/\/zonaroja.com.mx\/index.php?rest_route=\/wp\/v2\/posts\/74472\/revisions\/74474"}],"wp:featuredmedia":[{"embeddable":true,"href":"https:\/\/zonaroja.com.mx\/index.php?rest_route=\/wp\/v2\/media\/74473"}],"wp:attachment":[{"href":"https:\/\/zonaroja.com.mx\/index.php?rest_route=%2Fwp%2Fv2%2Fmedia&parent=74472"}],"wp:term":[{"taxonomy":"category","embeddable":true,"href":"https:\/\/zonaroja.com.mx\/index.php?rest_route=%2Fwp%2Fv2%2Fcategories&post=74472"},{"taxonomy":"post_tag","embeddable":true,"href":"https:\/\/zonaroja.com.mx\/index.php?rest_route=%2Fwp%2Fv2%2Ftags&post=74472"}],"curies":[{"name":"wp","href":"https:\/\/api.w.org\/{rel}","templated":true}]}}