{"id":7448,"date":"2020-01-08T19:39:07","date_gmt":"2020-01-09T01:39:07","guid":{"rendered":"http:\/\/www.zonaroja.com.mx\/?p=7448"},"modified":"2020-01-08T19:39:10","modified_gmt":"2020-01-09T01:39:10","slug":"otro-dia-sangriento-un-asesinado-en-tuxpec-y-otro-en-yaitepec","status":"publish","type":"post","link":"https:\/\/zonaroja.com.mx\/?p=7448","title":{"rendered":"Otro d\u00eda sangriento: un asesinado en Tuxpec y otro en Yaitepec"},"content":{"rendered":"\n<p>Redacci\u00f3n\/Zona Roja. Foto: El Pi\u00f1ero<\/p>\n\n\n\n<p>Oaxaca de Ju\u00e1rez, Oax., 8 de enero de\n2020.- De nueva cuenta, el estado de Oaxaca vivi\u00f3 otra jornada de violencia. <\/p>\n\n\n\n<p>En San Juan Bautista Tuxtepec fue\nejecutado a balazos un joven, mientras que en Santiago Yaitepec se perpetr\u00f3 una\nagresi\u00f3n armada, con saldo de un individuo muerto y una mujer lesionada.<\/p>\n\n\n\n<p>Este jueves, en la ciudad de Tuxtepec\nse registr\u00f3 la primera ejecuci\u00f3n del a\u00f1o 2020; durante el ataque armado tambi\u00e9n\nresult\u00f3 lesionada otra persona.<\/p>\n\n\n\n<p>El hecho violento se llev\u00f3 a cabo al\ninterior de un local de lavado de autos ubicado sobre la avenida 18 de Marzo,\nen una zona escolar y comercial del primer cuadro de la ciudad, cerca de las\n15:00 horas.<\/p>\n\n\n\n<p>Los reportes policiales indicaron que\nla personas fallecida fue identificada como Julio C\u00e9sar C. A., quien se trata\nde la primera v\u00edctima mortal de los ataques armados en el municipio de la\nCuenca.<\/p>\n\n\n\n<p>Sin embargo, los hechos violentos de\neste 2020 comenzaron la madrugada del 1 de enero, cuando una persona fue\natacada en la colonia 5 de Mayo, pero que s\u00f3lo result\u00f3 lesionada, se report\u00f3.\nMientras que el 3 de enero ocurri\u00f3 otro hecho similar en la colonia Nuera Era,\nsin v\u00edctimas mortales.<\/p>\n\n\n\n<p>El a\u00f1o 2019 concluy\u00f3 con m\u00e1s de un\ncentenar de hechos homicidios dolosos para Tuxtepec, de acuerdo con reportes\ndel Secretariado Ejecutivo del Sistema Nacional de Seguridad P\u00fablica (SESNSP).<\/p>\n\n\n\n<p>VIOLENCIA EN YAITEPEC<\/p>\n\n\n\n<p>Mientras tanto, en el transcurso del\nd\u00eda se perpetr\u00f3 una agresi\u00f3n armada en el municipio chatino de Santiago\nYaitepec, que mantiene fuertes diferencias agrarias con sus vecinos de Santa\nCatarina Juquila.<\/p>\n\n\n\n<p>Seg\u00fan los informes preliminares, como\nresultado de los hechos, perdi\u00f3 la vida una persona del sexo masculino\nidentificada como Fernando Peralta Santiago, mientras que su hermana Luc\u00eda\nPeralta result\u00f3 lesionada; esta \u00faltima fue trasladada al hospital de Santos\nReyes Nopala para su atenci\u00f3n m\u00e9dica.<\/p>\n\n\n\n<p>A\u00fan no se establecen las causas por\nlas cuales se originaron los hechos violentos.<\/p>\n","protected":false},"excerpt":{"rendered":"<p>Redacci\u00f3n\/Zona Roja. Foto: El Pi\u00f1ero Oaxaca de Ju\u00e1rez, Oax., 8 de enero de 2020.- De&hellip;<\/p>\n","protected":false},"author":2,"featured_media":7450,"comment_status":"closed","ping_status":"open","sticky":false,"template":"","format":"standard","meta":{"_lmt_disableupdate":"","_lmt_disable":"","_jetpack_memberships_contains_paid_content":false,"footnotes":""},"categories":[109,51],"tags":[118,546],"class_list":["post-7448","post","type-post","status-publish","format-standard","has-post-thumbnail","hentry","category-minuto-a-minuto","category-zona-roja","tag-san-juan-bautista-tuxtepec","tag-santiago-yaitepec"],"jetpack_featured_media_url":"https:\/\/zonaroja.com.mx\/wp-content\/uploads\/2020\/01\/Ejecutado-Tux-8ene.jpg","jetpack_sharing_enabled":true,"_links":{"self":[{"href":"https:\/\/zonaroja.com.mx\/index.php?rest_route=\/wp\/v2\/posts\/7448","targetHints":{"allow":["GET"]}}],"collection":[{"href":"https:\/\/zonaroja.com.mx\/index.php?rest_route=\/wp\/v2\/posts"}],"about":[{"href":"https:\/\/zonaroja.com.mx\/index.php?rest_route=\/wp\/v2\/types\/post"}],"author":[{"embeddable":true,"href":"https:\/\/zonaroja.com.mx\/index.php?rest_route=\/wp\/v2\/users\/2"}],"replies":[{"embeddable":true,"href":"https:\/\/zonaroja.com.mx\/index.php?rest_route=%2Fwp%2Fv2%2Fcomments&post=7448"}],"version-history":[{"count":1,"href":"https:\/\/zonaroja.com.mx\/index.php?rest_route=\/wp\/v2\/posts\/7448\/revisions"}],"predecessor-version":[{"id":7451,"href":"https:\/\/zonaroja.com.mx\/index.php?rest_route=\/wp\/v2\/posts\/7448\/revisions\/7451"}],"wp:featuredmedia":[{"embeddable":true,"href":"https:\/\/zonaroja.com.mx\/index.php?rest_route=\/wp\/v2\/media\/7450"}],"wp:attachment":[{"href":"https:\/\/zonaroja.com.mx\/index.php?rest_route=%2Fwp%2Fv2%2Fmedia&parent=7448"}],"wp:term":[{"taxonomy":"category","embeddable":true,"href":"https:\/\/zonaroja.com.mx\/index.php?rest_route=%2Fwp%2Fv2%2Fcategories&post=7448"},{"taxonomy":"post_tag","embeddable":true,"href":"https:\/\/zonaroja.com.mx\/index.php?rest_route=%2Fwp%2Fv2%2Ftags&post=7448"}],"curies":[{"name":"wp","href":"https:\/\/api.w.org\/{rel}","templated":true}]}}