{"id":74480,"date":"2024-11-14T13:15:00","date_gmt":"2024-11-14T19:15:00","guid":{"rendered":"https:\/\/zonaroja.com.mx\/?p=74480"},"modified":"2024-11-14T08:16:35","modified_gmt":"2024-11-14T14:16:35","slug":"opinion-oaxaca-entre-feminicidios-y-masacres","status":"publish","type":"post","link":"https:\/\/zonaroja.com.mx\/?p=74480","title":{"rendered":"Opini\u00f3n. Oaxaca, entre feminicidios y masacres"},"content":{"rendered":"\n<p>N\u00e9stor Y. S\u00e1nchez Islas.<\/p>\n\n\n\n<p>\u201cFue un asunto casual\u201d, declar\u00f3 el secretario general de Gobierno sobre la masacre de seis individuos la noche del jueves en la capital del estado.&nbsp;\u201cNo son 88 feminicidios, solo fueron muertes violentas\u201d declar\u00f3 tambi\u00e9n al referirse a los asesinatos de mujeres en lo que va del a\u00f1o y en el contexto de las seis asesinadas en apenas una semana en la entidad.<\/p>\n\n\n\n<p>No,&nbsp;no&nbsp;se trata de un asunto casual, se trata del colapso del Estado frente al poder del crimen organizado.&nbsp;<\/p>\n\n\n\n<p>No es minimizando y tergiversando datos y cifras para&nbsp;diluir&nbsp;en&nbsp;las estad\u00edsticas las muertes de mujeres.&nbsp;Se trata de una&nbsp;fuerte&nbsp;crisis de derechos humanos que expone una grave situaci\u00f3n de desigualdad de g\u00e9nero y violencia estructural.<\/p>\n\n\n\n<p>La realidad est\u00e1 ah\u00ed porque \u00e9sta no depende&nbsp;del discurso&nbsp;ut\u00f3pico&nbsp;del&nbsp;grupo en el poder. De acuerdo con la agrupaci\u00f3n civil Consorcio Oaxaca, en los dos a\u00f1os de este gobierno, 162 mujeres han sido v\u00edctimas de feminicidio. Por su parte,&nbsp;GESMujer&nbsp;nos muestra datos estad\u00edsticos muy fuertes&nbsp;en su p\u00e1gina web: el 66% de las mujeres han sido asesinadas a balazos, 2% desmembradas, 2% macheteadas, 8% matadas a golpes o 5% apu\u00f1aladas. Estas cifras&nbsp;son mucho m\u00e1s que n\u00fameros, nos hablan tambi\u00e9n del desprecio por la vida, la crueldad extrema con que act\u00faan los asesinos, la indiferencia oficial y, por supuesto porque no puede explicarse de otra manera, de la&nbsp;corrupci\u00f3n en las fiscal\u00edas.<\/p>\n\n\n\n<p>La descomposici\u00f3n social es un hecho y la indiferencia o tolerancia que aplic\u00f3 el gobierno de AMLO hacia los criminales la agudiz\u00f3.&nbsp;Podr\u00edan&nbsp;ser dos cosas. Que por un lado haya sido una tolerancia&nbsp;mal&nbsp;entendida&nbsp;o,&nbsp;la segunda, una pol\u00edtica de Estado para&nbsp;elevar&nbsp;el&nbsp;enojo social&nbsp;a tal nivel&nbsp;que la gente&nbsp;justifique y acepte&nbsp;la necesidad de un Estado policiaco-militar que aplique soluciones autoritarias. En pocas palabras, que la gente acepte la restricci\u00f3n de sus libertades a cambio de&nbsp;mejorar la&nbsp;seguridad p\u00fablica.&nbsp;Ejemplo de ello son los retenes militares y los \u201coperativos\u201d viales abusivos.<\/p>\n\n\n\n<p>Las condiciones pol\u00edticas y jur\u00eddicas para un r\u00e9gimen totalitario ya est\u00e1n dadas. El partido&nbsp;es due\u00f1o de&nbsp;los tres poderes&nbsp;de la Uni\u00f3n&nbsp;y, v\u00eda modificaciones constitucionales, ya no hay forma de defenderse ni ampararse ante las violaciones a nuestros derechos por parte de funcionarios del&nbsp;gobierno.&nbsp;Todav\u00eda no lo sentimos porque son cambios que tienen apenas unos pocos d\u00edas.<\/p>\n\n\n\n<p>Como en otros cr\u00edmenes, en el caso de los feminicidios son las fiscal\u00edas el eslab\u00f3n m\u00e1s d\u00e9bil. La carencia de sensibilidad y empat\u00eda de sus funcionarios es tan lacerante que terminan por revictimizar a las familias. La&nbsp;ausencia&nbsp;de profesionalismo y conocimientos cient\u00edficos sobre criminal\u00edstica provocan que los jueces terminen por liberar a los sospechosos, las pol\u00edticas de seguridad y sus protocolos solo son documentos burocr\u00e1ticos que se aplican&nbsp;hasta que&nbsp;los casos se vuelven medi\u00e1ticos.&nbsp;Los feminicidios no son un problema exclusivo de Oaxaca, aunque estamos entre las entidades con mayor cantidad de ellos. Los asesinatos de mujeres son una crisis que nos afecta a todos y no la&nbsp;racionalizamos hasta que nosotros o alguien cercano se convierte en v\u00edctima.<\/p>\n\n\n\n<p>Por las cada vez m\u00e1s frecuentes masacres es obvio que dejaron de ser incidentes aislados&nbsp;de criminalidad.&nbsp;No debemos esperar m\u00e1s para cuestionar de manera en\u00e9rgica lo que el&nbsp;gobierno&nbsp;est\u00e1 haciendo que, como lo vimos en el sexenio pasado, con ocurrencias y certezas morales&nbsp;trata&nbsp;de combatir algo que viene de lo m\u00e1s profundo de la maldad de una sociedad en descomposici\u00f3n y que no&nbsp;ser\u00e1&nbsp;acus\u00e1ndolos con su mam\u00e1 como se resolver\u00e1n las cosas.<\/p>\n\n\n\n<p>El diagn\u00f3stico de que la pobreza es el origen de la criminalidad es falso en muchos casos. Los que roban por hambre generalmente reciben severos castigos por robarse un pan. Los que matan por docena viven en lujosos fraccionamientos,&nbsp;comen en los restaurantes m\u00e1s caros&nbsp;y gozan de absoluta impunidad.<\/p>\n\n\n\n<p>\u00bfPor qu\u00e9 el gobierno no desmantela las redes del crimen organizado? Porque le son \u00fatiles. De ellos pueden obtener financiamiento o silenciar enemigos. Con ellos pueden manipular elecciones,&nbsp;lavar dinero, desviar fondos a trav\u00e9s de empresas constructoras, de espect\u00e1culos&nbsp;o&nbsp;factureras.&nbsp;<\/p>\n\n\n\n<p>\u201cCon la iglesia hemos topado, Sancho\u201d,&nbsp;le&nbsp;dijo Don&nbsp;Quijote a su&nbsp;rechoncho&nbsp;escudero.&nbsp;El gobierno oaxaque\u00f1o acaba de&nbsp;toparse&nbsp;con la pared ante una probadita de realidad que, en menos de una semana, demoli\u00f3 el discurso del ed\u00e9n primaveral en que vivimos.<\/p>\n\n\n\n<p>Queriendo lograr gobernabilidad a trav\u00e9s de la manipulaci\u00f3n de los festejos populares,&nbsp;intenta el gobierno estatal&nbsp;crear un ambiente artificial de&nbsp;felicidad&nbsp;a trav\u00e9s de calendas, conciertos y verbenas.Ese discurso top\u00f3 con pared, la dosis de realidad corri\u00f3 como reguero de p\u00f3lvora por los medios y las redes sociales.<\/p>\n\n\n\n<p>Que caro estamos pagando la felicidad artificial comprada con pensiones&nbsp;del bienestar,&nbsp;festejos populares manipulados&nbsp;y&nbsp;narrativas ut\u00f3picas.<\/p>\n\n\n\n<p>nestoryuri@yahoo.com<\/p>\n","protected":false},"excerpt":{"rendered":"<p>N\u00e9stor Y. S\u00e1nchez Islas. \u201cFue un asunto casual\u201d, declar\u00f3 el secretario general de Gobierno sobre&hellip;<\/p>\n","protected":false},"author":2,"featured_media":67897,"comment_status":"closed","ping_status":"open","sticky":false,"template":"","format":"standard","meta":{"_lmt_disableupdate":"","_lmt_disable":"","_jetpack_memberships_contains_paid_content":false,"footnotes":""},"categories":[456,109],"tags":[3050],"class_list":["post-74480","post","type-post","status-publish","format-standard","has-post-thumbnail","hentry","category-columna","category-minuto-a-minuto","tag-nestor-yuri-sanchez"],"jetpack_featured_media_url":"https:\/\/zonaroja.com.mx\/wp-content\/uploads\/2024\/05\/Opinion-Nestor-Yuri-Sanchez.jpeg","jetpack_sharing_enabled":true,"_links":{"self":[{"href":"https:\/\/zonaroja.com.mx\/index.php?rest_route=\/wp\/v2\/posts\/74480","targetHints":{"allow":["GET"]}}],"collection":[{"href":"https:\/\/zonaroja.com.mx\/index.php?rest_route=\/wp\/v2\/posts"}],"about":[{"href":"https:\/\/zonaroja.com.mx\/index.php?rest_route=\/wp\/v2\/types\/post"}],"author":[{"embeddable":true,"href":"https:\/\/zonaroja.com.mx\/index.php?rest_route=\/wp\/v2\/users\/2"}],"replies":[{"embeddable":true,"href":"https:\/\/zonaroja.com.mx\/index.php?rest_route=%2Fwp%2Fv2%2Fcomments&post=74480"}],"version-history":[{"count":1,"href":"https:\/\/zonaroja.com.mx\/index.php?rest_route=\/wp\/v2\/posts\/74480\/revisions"}],"predecessor-version":[{"id":74481,"href":"https:\/\/zonaroja.com.mx\/index.php?rest_route=\/wp\/v2\/posts\/74480\/revisions\/74481"}],"wp:featuredmedia":[{"embeddable":true,"href":"https:\/\/zonaroja.com.mx\/index.php?rest_route=\/wp\/v2\/media\/67897"}],"wp:attachment":[{"href":"https:\/\/zonaroja.com.mx\/index.php?rest_route=%2Fwp%2Fv2%2Fmedia&parent=74480"}],"wp:term":[{"taxonomy":"category","embeddable":true,"href":"https:\/\/zonaroja.com.mx\/index.php?rest_route=%2Fwp%2Fv2%2Fcategories&post=74480"},{"taxonomy":"post_tag","embeddable":true,"href":"https:\/\/zonaroja.com.mx\/index.php?rest_route=%2Fwp%2Fv2%2Ftags&post=74480"}],"curies":[{"name":"wp","href":"https:\/\/api.w.org\/{rel}","templated":true}]}}