{"id":74487,"date":"2024-11-14T16:29:52","date_gmt":"2024-11-14T22:29:52","guid":{"rendered":"https:\/\/zonaroja.com.mx\/?p=74487"},"modified":"2024-11-14T16:29:54","modified_gmt":"2024-11-14T22:29:54","slug":"reprocha-senador-oaxaqueno-declaraciones-de-embajador-ken-salazar","status":"publish","type":"post","link":"https:\/\/zonaroja.com.mx\/?p=74487","title":{"rendered":"Reprocha senador oaxaque\u00f1o declaraciones de embajador Ken Salazar"},"content":{"rendered":"\n<p>Raymundo Morales\/Zona Roja Cdmx.<\/p>\n\n\n\n<p>Ciudad de M\u00e9xico, a 14 de noviembre de 2024.- Ante las declaraciones del embajador de los Estados Unidos en M\u00e9xico, Ken Salazar, el senador por Oaxaca, Antonino Morales Toledo, afirm\u00f3 que el pa\u00eds no va a reeditar ninguna Iniciativa M\u00e9rida, ni sujetar\u00e1 su estrategia de combate al crimen a las recomendaciones de otro pa\u00eds.<\/p>\n\n\n\n<p>En declaraciones a la prensa, lament\u00f3 las afirmaciones del diplom\u00e1tico norteamericano sobre la pol\u00edtica de seguridad implementada por el ex Presidente Andr\u00e9s Manuel L\u00f3pez Obrador, quien nunca permiti\u00f3 injerencias del extranjero.<\/p>\n\n\n\n<p>El legislador de Oaxaca acus\u00f3 al embajador Salazar de tener muy mala memoria, pues al parecer ya olvid\u00f3 las terribles consecuencias del operativo \u201cR\u00e1pido y Furioso\u201d, en el que Estados Unidos puso las armas y M\u00e9xico los muertos.<\/p>\n\n\n\n<p>\u201cCuando el se\u00f1or Ken Salazar habla de las inversiones en seguridad que rechaz\u00f3 el ex presidente L\u00f3pez Obrador, dolosamente omite se\u00f1alar que se trata de acuerdos desventajosos para nuestro pa\u00eds, como la \u2018Iniciativa M\u00e9rida\u2019 que tanto presumi\u00f3 el gobierno calderonista y que solo increment\u00f3 la violencia, sin impactar a la delincuencia organizada.<\/p>\n\n\n\n<p>\u201cLos gobiernos de la Cuarta Transformaci\u00f3n encabezados por el ex presidente Andr\u00e9s Manuel L\u00f3pez Obrador y nuestra presidenta Claudia Sheinbaum s\u00ed tienen clara la estrategia, de realmente invertir en atender las causas de la violencia. Pasamos de \u2018m\u00e1s abrazos, no balazos\u2019 a un combate coordinado donde se privilegiar\u00e1 inteligencia y el uso de la informaci\u00f3n estrat\u00e9gica\u201d, expres\u00f3.<\/p>\n\n\n\n<p>Morales Toledo subray\u00f3 que, con la aprobaci\u00f3n de la reforma al art\u00edculo 21 constitucional, se refuerzan las capacidades de la Secretar\u00eda de Seguridad P\u00fablica (SSP) para enfrentar al crimen en coordinaci\u00f3n con los tres niveles de gobierno bajo un mando civil, que desmiente las versiones de militarizaci\u00f3n del pa\u00eds.<\/p>\n\n\n\n<p>\u201cNo necesitamos recomendaciones del extranjero. La iniciativa de la presidenta Sheinbaum y las reformas hechas en el gobierno del expresidente L\u00f3pez Obrador apuntalan una pol\u00edtica humanista y eficaz contra la delincuencia, en la que se privilegiar\u00e1 la inteligencia y el uso de la informaci\u00f3n estrat\u00e9gica por encima del uso de la fuerza\u201d, dijo.<\/p>\n\n\n\n<p>Ponder\u00f3 que con la reestructuraci\u00f3n de facultades a la Secretar\u00eda de Seguridad P\u00fablica, habr\u00e1 una coordinaci\u00f3n precisa con la Fiscal\u00eda General de la Rep\u00fablica y no hay invasi\u00f3n de facultades en los gobiernos locales, sino una coordinaci\u00f3n obligada para responder a los reclamos de seguridad.<\/p>\n\n\n\n<p>En ese sentido, el senador Antonino Morales sostuvo que al obligar a todas las dependencias federales, estatales y municipales a coordinarse para generar informaci\u00f3n estrat\u00e9gica y de inteligencia en materia de seguridad p\u00fablica, de ninguna manera se vulnera el Pacto Federal, sobre todo porque habr\u00e1 un mando \u00fanico que coordine la estrategia nacional.<\/p>\n\n\n\n<p>\u201cLos gobiernos del Prian nos dejaron un cascar\u00f3n en seguridad. Una Polic\u00eda Federal corrupta con jefes como Genaro Garc\u00eda Luna; polic\u00edas locales que han masacrado a estudiantes y golpeado al pueblo como las de Ayotzinapa y Atenco, esa fue su herencia\u201d, reprob\u00f3 el senador oaxaque\u00f1o.<\/p>\n","protected":false},"excerpt":{"rendered":"<p>Raymundo Morales\/Zona Roja Cdmx. Ciudad de M\u00e9xico, a 14 de noviembre de 2024.- Ante las&hellip;<\/p>\n","protected":false},"author":2,"featured_media":0,"comment_status":"closed","ping_status":"open","sticky":false,"template":"","format":"standard","meta":{"_lmt_disableupdate":"","_lmt_disable":"","_jetpack_memberships_contains_paid_content":false,"footnotes":""},"categories":[109,46],"tags":[180],"class_list":["post-74487","post","type-post","status-publish","format-standard","hentry","category-minuto-a-minuto","category-zona-blanca","tag-antonino-morales-toledo"],"jetpack_featured_media_url":"","jetpack_sharing_enabled":true,"_links":{"self":[{"href":"https:\/\/zonaroja.com.mx\/index.php?rest_route=\/wp\/v2\/posts\/74487","targetHints":{"allow":["GET"]}}],"collection":[{"href":"https:\/\/zonaroja.com.mx\/index.php?rest_route=\/wp\/v2\/posts"}],"about":[{"href":"https:\/\/zonaroja.com.mx\/index.php?rest_route=\/wp\/v2\/types\/post"}],"author":[{"embeddable":true,"href":"https:\/\/zonaroja.com.mx\/index.php?rest_route=\/wp\/v2\/users\/2"}],"replies":[{"embeddable":true,"href":"https:\/\/zonaroja.com.mx\/index.php?rest_route=%2Fwp%2Fv2%2Fcomments&post=74487"}],"version-history":[{"count":1,"href":"https:\/\/zonaroja.com.mx\/index.php?rest_route=\/wp\/v2\/posts\/74487\/revisions"}],"predecessor-version":[{"id":74488,"href":"https:\/\/zonaroja.com.mx\/index.php?rest_route=\/wp\/v2\/posts\/74487\/revisions\/74488"}],"wp:attachment":[{"href":"https:\/\/zonaroja.com.mx\/index.php?rest_route=%2Fwp%2Fv2%2Fmedia&parent=74487"}],"wp:term":[{"taxonomy":"category","embeddable":true,"href":"https:\/\/zonaroja.com.mx\/index.php?rest_route=%2Fwp%2Fv2%2Fcategories&post=74487"},{"taxonomy":"post_tag","embeddable":true,"href":"https:\/\/zonaroja.com.mx\/index.php?rest_route=%2Fwp%2Fv2%2Ftags&post=74487"}],"curies":[{"name":"wp","href":"https:\/\/api.w.org\/{rel}","templated":true}]}}