{"id":74507,"date":"2024-11-15T08:17:58","date_gmt":"2024-11-15T14:17:58","guid":{"rendered":"https:\/\/zonaroja.com.mx\/?p=74507"},"modified":"2024-11-15T09:31:51","modified_gmt":"2024-11-15T15:31:51","slug":"sin-invitacion-a-prensa-y-en-sesion-privada-recibe-congreso-informe","status":"publish","type":"post","link":"https:\/\/zonaroja.com.mx\/?p=74507","title":{"rendered":"Sin invitaci\u00f3n a prensa y en sesi\u00f3n privada, recibe Congreso informe"},"content":{"rendered":"\n<p>Raymundo Morales\/Zona Roja. Foto: TSJE.<\/p>\n\n\n\n<p>Oaxaca de Ju\u00e1rez, Oax., a 15 de noviembre de 2024.- Sin invitaci\u00f3n a la prensa y en sesi\u00f3n privada inici\u00f3 funciones la 66 Legislatura del Congreso del Estado de Oaxaca.<\/p>\n\n\n\n<p>Citados los 42 diputados a las seis de la ma\u00f1ana, fue 10 minutos antes de las siete horas en que arrib\u00f3 el titular de la Secretar\u00eda de Gobierno, Jes\u00fas Romero L\u00f3pez, tras lo cual inici\u00f3 la asamblea.<\/p>\n\n\n\n<p>Luego de ello, entreg\u00f3 el segundo informe de gobierno del titular del Poder Ejecutivo, Salom\u00f3n Jara Cruz, y procedi\u00f3 a dar un breve mensaje, con lo que se dio por concluida la reuni\u00f3n, pues las y los diputados ten\u00edan que trasladarse a la regi\u00f3n del Istmo.<\/p>\n\n\n\n<p>A las 11:00 horas en Juchit\u00e1n de Zaragoza se prev\u00e9 que el mandatario estatal d\u00e9 un mensaje con motivo de los dos a\u00f1os de su administraci\u00f3n, debido a que en la capital del estado, la Secci\u00f3n 22 del SNTE realiza una marcha masiva luego de lo cual dar\u00e1 su posicionamiento respecto al informe.<\/p>\n\n\n\n<p>Desde anoche, comunicadores que cubren la fuente legislativa indagaron sobre la hora en que ser\u00eda la sesi\u00f3n; sin embargo no hubo informaci\u00f3n oficial al respecto.<\/p>\n\n\n\n<p>La primera sesi\u00f3n de la nueva Legislatura inici\u00f3 tambi\u00e9n sin la tradicional transmisi\u00f3n por redes sociales por parte del Congreso del Estado de Oaxaca; tampoco por la Corporaci\u00f3n Oaxaque\u00f1a de Radio y Televisi\u00f3n (Cortv).<\/p>\n","protected":false},"excerpt":{"rendered":"<p>Raymundo Morales\/Zona Roja. Foto: TSJE. Oaxaca de Ju\u00e1rez, Oax., a 15 de noviembre de 2024.-&hellip;<\/p>\n","protected":false},"author":2,"featured_media":74510,"comment_status":"closed","ping_status":"open","sticky":false,"template":"","format":"standard","meta":{"_lmt_disableupdate":"","_lmt_disable":"","_jetpack_memberships_contains_paid_content":false,"footnotes":""},"categories":[109,47],"tags":[214],"class_list":["post-74507","post","type-post","status-publish","format-standard","has-post-thumbnail","hentry","category-minuto-a-minuto","category-zona-gris","tag-congreso-del-estado"],"jetpack_featured_media_url":"https:\/\/zonaroja.com.mx\/wp-content\/uploads\/2024\/11\/Sesion-Congreso.jpeg","jetpack_sharing_enabled":true,"_links":{"self":[{"href":"https:\/\/zonaroja.com.mx\/index.php?rest_route=\/wp\/v2\/posts\/74507","targetHints":{"allow":["GET"]}}],"collection":[{"href":"https:\/\/zonaroja.com.mx\/index.php?rest_route=\/wp\/v2\/posts"}],"about":[{"href":"https:\/\/zonaroja.com.mx\/index.php?rest_route=\/wp\/v2\/types\/post"}],"author":[{"embeddable":true,"href":"https:\/\/zonaroja.com.mx\/index.php?rest_route=\/wp\/v2\/users\/2"}],"replies":[{"embeddable":true,"href":"https:\/\/zonaroja.com.mx\/index.php?rest_route=%2Fwp%2Fv2%2Fcomments&post=74507"}],"version-history":[{"count":2,"href":"https:\/\/zonaroja.com.mx\/index.php?rest_route=\/wp\/v2\/posts\/74507\/revisions"}],"predecessor-version":[{"id":74511,"href":"https:\/\/zonaroja.com.mx\/index.php?rest_route=\/wp\/v2\/posts\/74507\/revisions\/74511"}],"wp:featuredmedia":[{"embeddable":true,"href":"https:\/\/zonaroja.com.mx\/index.php?rest_route=\/wp\/v2\/media\/74510"}],"wp:attachment":[{"href":"https:\/\/zonaroja.com.mx\/index.php?rest_route=%2Fwp%2Fv2%2Fmedia&parent=74507"}],"wp:term":[{"taxonomy":"category","embeddable":true,"href":"https:\/\/zonaroja.com.mx\/index.php?rest_route=%2Fwp%2Fv2%2Fcategories&post=74507"},{"taxonomy":"post_tag","embeddable":true,"href":"https:\/\/zonaroja.com.mx\/index.php?rest_route=%2Fwp%2Fv2%2Ftags&post=74507"}],"curies":[{"name":"wp","href":"https:\/\/api.w.org\/{rel}","templated":true}]}}