{"id":74515,"date":"2024-11-15T12:40:00","date_gmt":"2024-11-15T18:40:00","guid":{"rendered":"https:\/\/zonaroja.com.mx\/?p=74515"},"modified":"2024-11-15T09:42:33","modified_gmt":"2024-11-15T15:42:33","slug":"ahora-es-el-episcopado-abrazos-no-balazos-no-dio-resultados","status":"publish","type":"post","link":"https:\/\/zonaroja.com.mx\/?p=74515","title":{"rendered":"Ahora es el Episcopado: \u201cAbrazos, no balazos\u201d, no dio resultados"},"content":{"rendered":"\n<p>Redacci\u00f3n\/Zona Roja Cdmx.<\/p>\n\n\n\n<p>Ciudad de M\u00e9xico, a 15 de noviembre de 2024.- La Conferencia del Episcopado Mexicano (CEM) tambi\u00e9n critic\u00f3 hoy la estrategia de seguridad implementada por el Gobierno de Andr\u00e9s Manuel L\u00f3pez Obrador.<\/p>\n\n\n\n<p>\u00abHubi\u00e9ramos querido m\u00e1s di\u00e1logo, eso s\u00ed, que hubi\u00e9ramos querido que lo que alguna vez comentamos, que le suplicamos, pudiera realizar la estrategia de seguridad, porque lo dijimos: abrazos no balazos ve\u00edamos que no daba resultado\u00bb, expres\u00f3 el presidente de la CEM, el obispo Ram\u00f3n Castro Castro.<\/p>\n\n\n\n<p>\u00abLa historia va a juzgar. Ser\u00e1 la historia la que normalmente, con el tiempo, da el balance m\u00e1s positivo\u00bb, abund\u00f3 el religioso.<\/p>\n\n\n\n<p>La administraci\u00f3n de Andr\u00e9s Manuel L\u00f3pez Obrador finaliz\u00f3 con las peores cifras en materia de seguridad en la historia del M\u00e9xico moderno. Casi 200 mil homicidios se registraron durante su sexenio.<\/p>\n\n\n\n<p>Integrantes de la Conferencia del Episcopado Mexicano (CEM) se reunieron este mi\u00e9rcoles 13 de noviembre con la presidenta Claudia Sheinbaum Pardo.<\/p>\n\n\n\n<p>PRIMERO EMBAJADOR<\/p>\n\n\n\n<p>El embajador de Estados Unidos en M\u00e9xico, Ken Salazar, afirm\u00f3 el mi\u00e9rcoles que el pa\u00eds no es seguro y critic\u00f3 al anterior presidente por una pol\u00edtica de seguridad fallida y por negarse a aceptar la ayuda estadounidense.<\/p>\n\n\n\n<p>El embajador critic\u00f3 directamente al expresidente Andr\u00e9s Manuel L\u00f3pez Obrador, diciendo que la coordinaci\u00f3n en materia de seguridad entre M\u00e9xico y Estados Unidos se hab\u00eda resentido durante su mandato.<\/p>\n\n\n\n<p>\u00abLa realidad es que en el momento M\u00e9xico no est\u00e1 seguro\u00bb, dijo Salazar durante una rueda de prensa en su residencia en Ciudad de M\u00e9xico.<\/p>\n\n\n\n<p>\u00abDesafortunadamente esta coordinaci\u00f3n ha fallado en el \u00faltimo a\u00f1o, en gran parte porque el presidente anterior no quiso recibir ayuda de los Estados Unidos\u00bb, dijo.<\/p>\n\n\n\n<p>El intento de L\u00f3pez Obrador de abordar las causas profundas de la violencia, una estrategia que llam\u00f3 \u00ababrazos y no balazos\u00bb, \u00abno funcion\u00f3\u00bb, dijo Salazar.<\/p>\n\n\n\n<p>A\u00f1adi\u00f3 que esperaba que la presidenta Claudia Sheinbaum, que asumi\u00f3 el cargo el mes pasado, tuviera m\u00e1s \u00e9xito en la lucha contra el crimen y la violencia invirtiendo m\u00e1s en seguridad.<\/p>\n\n\n\n<p>Sheinbaum, quien pertenece al mismo partido que L\u00f3pez Obrador, ha subrayado que su pol\u00edtica de seguridad seguir\u00e1 de cerca la del anterior presidente.<\/p>\n\n\n\n<p>Los comentarios se producen cuando las relaciones entre L\u00f3pez Obrador y Salazar se han vuelto cada vez m\u00e1s tensas en los \u00faltimos meses, despu\u00e9s de que el embajador criticara la Reforma Judicial impulsada por el expresidente.<\/p>\n\n\n\n<p>Esto supone un claro cambio respecto a la primera parte de la presidencia de L\u00f3pez Obrador, cuando se consideraba que ambos manten\u00edan una estrecha relaci\u00f3n de trabajo, una proximidad que algunos diplom\u00e1ticos estadounidenses criticaron en privado.<\/p>\n\n\n\n<p>M\u00e9xico ha sufrido una reciente ola de violencia con cientos de muertos de la guerra entre c\u00e1rteles en el estado Sinaloa, as\u00ed como masacres en otros estados como Quer\u00e9taro, donde 10 personas fueron asesinadas en un bar durante el fin de semana.<\/p>\n\n\n\n<p>(Con informaci\u00f3n de Reuters, en \u201cExpansi\u00f3n Pol\u00edtica)<\/p>\n","protected":false},"excerpt":{"rendered":"<p>Redacci\u00f3n\/Zona Roja Cdmx. Ciudad de M\u00e9xico, a 15 de noviembre de 2024.- La Conferencia del&hellip;<\/p>\n","protected":false},"author":2,"featured_media":74516,"comment_status":"closed","ping_status":"open","sticky":false,"template":"","format":"standard","meta":{"_lmt_disableupdate":"","_lmt_disable":"","_jetpack_memberships_contains_paid_content":false,"footnotes":""},"categories":[109,47],"tags":[],"class_list":["post-74515","post","type-post","status-publish","format-standard","has-post-thumbnail","hentry","category-minuto-a-minuto","category-zona-gris"],"jetpack_featured_media_url":"https:\/\/zonaroja.com.mx\/wp-content\/uploads\/2024\/11\/Episcopado-Mexicano.jpg","jetpack_sharing_enabled":true,"_links":{"self":[{"href":"https:\/\/zonaroja.com.mx\/index.php?rest_route=\/wp\/v2\/posts\/74515","targetHints":{"allow":["GET"]}}],"collection":[{"href":"https:\/\/zonaroja.com.mx\/index.php?rest_route=\/wp\/v2\/posts"}],"about":[{"href":"https:\/\/zonaroja.com.mx\/index.php?rest_route=\/wp\/v2\/types\/post"}],"author":[{"embeddable":true,"href":"https:\/\/zonaroja.com.mx\/index.php?rest_route=\/wp\/v2\/users\/2"}],"replies":[{"embeddable":true,"href":"https:\/\/zonaroja.com.mx\/index.php?rest_route=%2Fwp%2Fv2%2Fcomments&post=74515"}],"version-history":[{"count":1,"href":"https:\/\/zonaroja.com.mx\/index.php?rest_route=\/wp\/v2\/posts\/74515\/revisions"}],"predecessor-version":[{"id":74517,"href":"https:\/\/zonaroja.com.mx\/index.php?rest_route=\/wp\/v2\/posts\/74515\/revisions\/74517"}],"wp:featuredmedia":[{"embeddable":true,"href":"https:\/\/zonaroja.com.mx\/index.php?rest_route=\/wp\/v2\/media\/74516"}],"wp:attachment":[{"href":"https:\/\/zonaroja.com.mx\/index.php?rest_route=%2Fwp%2Fv2%2Fmedia&parent=74515"}],"wp:term":[{"taxonomy":"category","embeddable":true,"href":"https:\/\/zonaroja.com.mx\/index.php?rest_route=%2Fwp%2Fv2%2Fcategories&post=74515"},{"taxonomy":"post_tag","embeddable":true,"href":"https:\/\/zonaroja.com.mx\/index.php?rest_route=%2Fwp%2Fv2%2Ftags&post=74515"}],"curies":[{"name":"wp","href":"https:\/\/api.w.org\/{rel}","templated":true}]}}