{"id":74518,"date":"2024-11-15T11:00:00","date_gmt":"2024-11-15T17:00:00","guid":{"rendered":"https:\/\/zonaroja.com.mx\/?p=74518"},"modified":"2024-11-15T09:45:35","modified_gmt":"2024-11-15T15:45:35","slug":"de-santiago-tlazoyaltepec-oaxaca-diputada-federal-dormilona","status":"publish","type":"post","link":"https:\/\/zonaroja.com.mx\/?p=74518","title":{"rendered":"De Santiago Tlazoyaltepec, Oaxaca, diputada federal dormilona"},"content":{"rendered":"\n<p>Redacci\u00f3n\/Zona Roja Cdmx.<\/p>\n\n\n\n<p>Ciudad de M\u00e9xico, a 15 de noviembre de 2024.- El pasado 12 de noviembre, la diputada de de Morena en la Ciudad de M\u00e9xico, Herminia L\u00f3pez Santiago fue fotografiada dormida en su curul L-430 en la C\u00e1mara de Diputados, el hecho se viraliz\u00f3 r\u00e1pidamente en redes sociales y gener\u00f3 cr\u00edticas entre los usuarios debido a la falta de atenci\u00f3n en la durante la discusi\u00f3n de una reforma constitucional sobre el maltrato animal.<\/p>\n\n\n\n<p>Sin embargo, la diputada oaxaque\u00f1a se defendi\u00f3 p\u00fablicamente luego de ser cuestionada, pues respondi\u00f3 que las cr\u00edticas por el incidente eran actos de \u201cmala fe\u201d que proven\u00edan de la oposici\u00f3n pol\u00edtica, y que el mal momento se debi\u00f3 a problemas de salud.<\/p>\n\n\n\n<p>\u201cNo tomo medicamentos, pero siento que es de mala fe esta acci\u00f3n que hicieron porque saben el ritmo de trabajo que tenemos. Yo no vengo aqu\u00ed de mala fe como lo hacen los que est\u00e1n aqu\u00ed. Realmente, siempre buscan a ver de d\u00f3nde sacan el taco\u201d, declar\u00f3 la diputada al finalizar la sesi\u00f3n.<\/p>\n\n\n\n<p>Herminia L\u00f3pez Santiago es originaria de Santiago Tlazoyaltepec, Oaxaca, y lleg\u00f3 al cargo de diputada federal mediante la representaci\u00f3n proporcional del partido Morena, por lo que su puesto en el congreso no es el resultado de una elecci\u00f3n popular.<\/p>\n\n\n\n<p>Seg\u00fan los datos del Sistema de Informaci\u00f3n Legislativa (SIL) del Gobierno de M\u00e9xico, la diputada morenista cuenta con la educaci\u00f3n b\u00e1sica, es decir, que concluy\u00f3 la primaria y secundaria, las cuales curs\u00f3 en su natal Santiago Tlazoyaltepec, Oaxaca.<\/p>\n\n\n\n<p>El 18 de septiembre, la legisladora destac\u00f3 que la educaci\u00f3n es fundamental para el desarrollo de los pa\u00edses y subray\u00f3 la falta de atenci\u00f3n al tema educativo en comunidades ind\u00edgenas y afromexicanas. Mencion\u00f3 que los padres de estas comunidades han expresado su deseo de que los ni\u00f1os sean educados en su lengua materna. Afirm\u00f3 que los valores y la comunidad son esenciales para el crecimiento de las personas, lo que no interfiere con el aprendizaje en las aulas, sino que contribuye positivamente a la evoluci\u00f3n de los ni\u00f1os.<\/p>\n\n\n\n<p>En el perfil curricular que ofrece la plataforma SIL se menciona su experiencia como activista del Partido Morena y en los dos meses que van de la LXVI Legislatura no ha presentado alguna iniciativa y s\u00f3lo un posicionamiento ante el Pleno durante un dictamen de discusi\u00f3n sobre los derechos humanos ind\u00edgenas y reformas constitucionales.<\/p>\n\n\n\n<p>De acuerdo con el Presupuesto de Egresos de la Federaci\u00f3n (2024), la diputada Herminia percibe un sueldo de 75 mil 609 pesos con 27 centavos, como parte de la remuneraci\u00f3n establecida para su cargo.<\/p>\n\n\n\n<p>Tras quedarse dormida en la sesi\u00f3n de la C\u00e1mara de Diputados, la congresista pidi\u00f3 comprensi\u00f3n de su situaci\u00f3n, y coment\u00f3 que el incidente se debi\u00f3 a un mal momento de salud y que tuvo que detenerse un momento para poder reponerse. Incluso, asegur\u00f3 que no hab\u00eda tenido tiempo de acudir al m\u00e9dico, pero que el cansancio ser\u00eda la mayor explicaci\u00f3n y que no es algo grave.<\/p>\n\n\n\n<p>\u201cY estamos muy cansados. S\u00ed, efectivamente sent\u00ed que se me baj\u00f3 la presi\u00f3n, me sent\u00ed mal. Pero ah\u00ed andaba yo en varios ajetreos. Me sent\u00e9 un ratito a contestar un mensaje y sent\u00ed como que me echaron agua caliente. No he ido (al m\u00e9dico), yo estaba para ir a una reuni\u00f3n de educaci\u00f3n y en ese momento sent\u00ed como que cargu\u00e9 los guantes. Pero no, no es nada grave\u201d. explic\u00f3 Herminia L\u00f3pez.<\/p>\n\n\n\n<p>Adem\u00e1s, asegur\u00f3 que su trabajo no le ha permitido descansar adecuadamente y que no hab\u00eda dormido la noche anterior, pues tuvo que despertarse a las 3 de la ma\u00f1ana para acudir a la sesi\u00f3n en el Congreso.<\/p>\n\n\n\n<p>(Informaci\u00f3n de Infobae M\u00e9xico)<\/p>\n","protected":false},"excerpt":{"rendered":"<p>Redacci\u00f3n\/Zona Roja Cdmx. Ciudad de M\u00e9xico, a 15 de noviembre de 2024.- El pasado 12&hellip;<\/p>\n","protected":false},"author":2,"featured_media":74519,"comment_status":"closed","ping_status":"open","sticky":false,"template":"","format":"standard","meta":{"_lmt_disableupdate":"","_lmt_disable":"","_jetpack_memberships_contains_paid_content":false,"footnotes":""},"categories":[109,47],"tags":[4113],"class_list":["post-74518","post","type-post","status-publish","format-standard","has-post-thumbnail","hentry","category-minuto-a-minuto","category-zona-gris","tag-herminia-lopez-santiago"],"jetpack_featured_media_url":"https:\/\/zonaroja.com.mx\/wp-content\/uploads\/2024\/11\/Diputada-federal-oaxaquena-duerme.jpg.avif","jetpack_sharing_enabled":true,"_links":{"self":[{"href":"https:\/\/zonaroja.com.mx\/index.php?rest_route=\/wp\/v2\/posts\/74518","targetHints":{"allow":["GET"]}}],"collection":[{"href":"https:\/\/zonaroja.com.mx\/index.php?rest_route=\/wp\/v2\/posts"}],"about":[{"href":"https:\/\/zonaroja.com.mx\/index.php?rest_route=\/wp\/v2\/types\/post"}],"author":[{"embeddable":true,"href":"https:\/\/zonaroja.com.mx\/index.php?rest_route=\/wp\/v2\/users\/2"}],"replies":[{"embeddable":true,"href":"https:\/\/zonaroja.com.mx\/index.php?rest_route=%2Fwp%2Fv2%2Fcomments&post=74518"}],"version-history":[{"count":1,"href":"https:\/\/zonaroja.com.mx\/index.php?rest_route=\/wp\/v2\/posts\/74518\/revisions"}],"predecessor-version":[{"id":74520,"href":"https:\/\/zonaroja.com.mx\/index.php?rest_route=\/wp\/v2\/posts\/74518\/revisions\/74520"}],"wp:featuredmedia":[{"embeddable":true,"href":"https:\/\/zonaroja.com.mx\/index.php?rest_route=\/wp\/v2\/media\/74519"}],"wp:attachment":[{"href":"https:\/\/zonaroja.com.mx\/index.php?rest_route=%2Fwp%2Fv2%2Fmedia&parent=74518"}],"wp:term":[{"taxonomy":"category","embeddable":true,"href":"https:\/\/zonaroja.com.mx\/index.php?rest_route=%2Fwp%2Fv2%2Fcategories&post=74518"},{"taxonomy":"post_tag","embeddable":true,"href":"https:\/\/zonaroja.com.mx\/index.php?rest_route=%2Fwp%2Fv2%2Ftags&post=74518"}],"curies":[{"name":"wp","href":"https:\/\/api.w.org\/{rel}","templated":true}]}}