{"id":74530,"date":"2024-11-15T21:24:48","date_gmt":"2024-11-16T03:24:48","guid":{"rendered":"https:\/\/zonaroja.com.mx\/?p=74530"},"modified":"2024-11-15T21:24:50","modified_gmt":"2024-11-16T03:24:50","slug":"nunca-pense-estar-de-este-lado-de-las-mamas-que-tienen-hijas-desaparecidas","status":"publish","type":"post","link":"https:\/\/zonaroja.com.mx\/?p=74530","title":{"rendered":"\u201cNunca pens\u00e9 estar de este lado de las mam\u00e1s que tienen hijas desaparecidas\u201d"},"content":{"rendered":"\n<p>Ismael Garc\u00eda M.\/Zona Roja.<\/p>\n\n\n\n<p>Oaxaca de Ju\u00e1rez, Oax., a 15 de noviembre de 2024.- En el d\u00eda 42 de la desaparici\u00f3n de Sandra Est\u00e9fana Dom\u00ednguez, su familia protest\u00f3 hoy en el marco del segundo informe de gobierno.<\/p>\n\n\n\n<p>\u201cNo estoy por gusto en Palacio (de Gobierno), ayer vinieron a decirme \u2018cu\u00e1ndo se va\u2019; cuando me entreguen a mi hija; que me entreguen a mi hija yo me voy de ah\u00ed\u201d, exclam\u00f3 la madre de la activista desaparecida desde el pasado 4 de octubre.<\/p>\n\n\n\n<p>Apenas iniciaba la transmisi\u00f3n del informe desde una pantalla gigante en el z\u00f3calo de la capital, con decenas de trabajadores de gobierno, cuando una representaci\u00f3n de la familia y de activistas protest\u00f3 de manera pac\u00edfica.<\/p>\n\n\n\n<p>Y a punto de llegar la marcha del magisterio al z\u00f3calo, vino la orden a los empleados para que se retiraran, pese a que no conclu\u00eda el informe, con la finalidad de evitar confrontaciones.<\/p>\n\n\n\n<p>Tras ello, la familia de Sandra Dom\u00ednguez y acompa\u00f1antes se apoderaron por unos minutos del templete oficial, para exigir justicia y aparici\u00f3n con vida de la joven, que fue vista por \u00faltima vez en la regi\u00f3n Cuenca junto con su pareja Alexander Hern\u00e1ndez.<\/p>\n\n\n\n<p>El activista Joaqu\u00edn Galv\u00e1n expuso que la desaparici\u00f3n de Sandra Dom\u00ednguez viene a demostrar que hay un Estado fallido en Oaxaca, \u201cque ha expuesto a las mujeres especialmente en un estado de vulnerabilidad, provocado por el mismo gobierno.<\/p>\n\n\n\n<p>\u201cEl segundo informe del gobernador son seis desaparecidas la primera semana de noviembre, m\u00e1s de 24 homicidios dolosos en una sola semana y desde octubre la desaparici\u00f3n de Sandra Dom\u00ednguez, que ha sometido en una crisis institucional al gobierno de Oaxaca\u201d, expuso.<\/p>\n\n\n\n<p>Tras ello, la madre y una hermana de Sandra fueron invitadas por el magisterio a participar en el mitin, desde el kiosco del z\u00f3calo capitalino.<\/p>\n\n\n\n<p>\u201cMi hija desapareci\u00f3 el el 4 de octubre; quiero decir al gobierno que ya entregue a mi hija viva, porque viva se la llevaron, la quiero viva, soy la mam\u00e1, soy de Ayutla Mixe, qu\u00e9 m\u00e1s quieren, \u00bfque la regi\u00f3n Mixe no levante la voz, o por ser Mixes no nos quiere hacer caso\u2019\u201d, expuso la se\u00f1ora Marina.<\/p>\n\n\n\n<p>\u201cQu\u00e9 pasa, \u00bfque no los ind\u00edgenas tienen m\u00e1s prioridad porque est\u00e1 nuestra presidenta Claudia. Yo le pido a Claudia (Sheinbum) que nos escuche, que nos oiga, estoy sufriendo por mi hija, me hace falta mi hija; mi hija siempre estuvo de activista, \u2018mam\u00e1 vamos a acompa\u00f1ar porque desapareci\u00f3 una mujer\u2019, ah\u00ed voy con ella, yo ven\u00eda sufrir a las mam\u00e1s, nunca pens\u00e9 estar en este lado de las mamas que tienen hijas desaparecidas, se siente horrible, ojal\u00e1 las personas que me est\u00e1n escuch\u00e1ndonosla tengan un poquito de sensibilidad conmigo\u201d, destac\u00f3.<\/p>\n\n\n\n<p>Por su parte, Aracely, una de las hermanas de Sangre, dijo durante el mitin que las cifras sobre la seguridad en Oaxaca no son reales, pues contin\u00faa la violencia y la desaparici\u00f3n de mujeres.<\/p>\n\n\n\n<p>\u201cCuando dice el secretario Jes\u00fas Romero que no hay violencia, claro que hay violencia, claro que hay delincuencia. \u00c9l nunca lo va a saber, porque u vida est\u00e1 segura, \u00e9l saliendo de aqu\u00ed se va a ir de Oaxaca.<\/p>\n\n\n\n<p>\u201cEstoy muy enojada, porque el ignorar estos factores de violencia es una hipocres\u00eda que \u00e9l est\u00e9 diciendo que no pasa nada, cuando en mi casa no est\u00e1 mi hermana\u201d.<\/p>\n\n\n\n<figure class=\"wp-block-embed is-type-rich is-provider-twitter wp-block-embed-twitter\"><div class=\"wp-block-embed__wrapper\">\n<div class=\"twitter-tweet\"><blockquote class=\"twitter-tweet\" data-lang=\"es\"><p lang=\"es\" dir=\"ltr\"><a href=\"https:\/\/twitter.com\/hashtag\/%C3%9AltimoMinuto?src=hash&amp;ref_src=twsrc%5Etfw\">#\u00daltimoMinuto<\/a><br>-Retiran a trabajadoras y equipos audiovisuales del z\u00f3calo de la ciudad de <a href=\"https:\/\/twitter.com\/hashtag\/Oaxaca?src=hash&amp;ref_src=twsrc%5Etfw\">#Oaxaca<\/a>, para evitar confrontaciones con el magisterio. <br>-Activistas y familia de Sandra Dom\u00ednguez \u201ctoman\u201d el templete oficial para dar un mensaje de protesta. <br>-Llega la dirigencia de la\u2026 <a href=\"https:\/\/t.co\/XIjMH03kj3\">pic.twitter.com\/XIjMH03kj3<\/a><\/p>&mdash; Zona Roja Oaxaca (@ZonaRoja_Oaxaca) <a href=\"https:\/\/twitter.com\/ZonaRoja_Oaxaca\/status\/1857502455627657619?ref_src=twsrc%5Etfw\">15 de noviembre de 2024<\/a><\/blockquote><\/div>\n<\/div><\/figure>\n","protected":false},"excerpt":{"rendered":"<p>Ismael Garc\u00eda M.\/Zona Roja. Oaxaca de Ju\u00e1rez, Oax., a 15 de noviembre de 2024.- En&hellip;<\/p>\n","protected":false},"author":2,"featured_media":74531,"comment_status":"closed","ping_status":"open","sticky":false,"template":"","format":"standard","meta":{"_lmt_disableupdate":"","_lmt_disable":"","_jetpack_memberships_contains_paid_content":false,"footnotes":""},"categories":[109,47],"tags":[4086],"class_list":["post-74530","post","type-post","status-publish","format-standard","has-post-thumbnail","hentry","category-minuto-a-minuto","category-zona-gris","tag-sandra-dominguez"],"jetpack_featured_media_url":"https:\/\/zonaroja.com.mx\/wp-content\/uploads\/2024\/11\/Protesta-familia-de-Sandra-Dominguez.jpg","jetpack_sharing_enabled":true,"_links":{"self":[{"href":"https:\/\/zonaroja.com.mx\/index.php?rest_route=\/wp\/v2\/posts\/74530","targetHints":{"allow":["GET"]}}],"collection":[{"href":"https:\/\/zonaroja.com.mx\/index.php?rest_route=\/wp\/v2\/posts"}],"about":[{"href":"https:\/\/zonaroja.com.mx\/index.php?rest_route=\/wp\/v2\/types\/post"}],"author":[{"embeddable":true,"href":"https:\/\/zonaroja.com.mx\/index.php?rest_route=\/wp\/v2\/users\/2"}],"replies":[{"embeddable":true,"href":"https:\/\/zonaroja.com.mx\/index.php?rest_route=%2Fwp%2Fv2%2Fcomments&post=74530"}],"version-history":[{"count":1,"href":"https:\/\/zonaroja.com.mx\/index.php?rest_route=\/wp\/v2\/posts\/74530\/revisions"}],"predecessor-version":[{"id":74532,"href":"https:\/\/zonaroja.com.mx\/index.php?rest_route=\/wp\/v2\/posts\/74530\/revisions\/74532"}],"wp:featuredmedia":[{"embeddable":true,"href":"https:\/\/zonaroja.com.mx\/index.php?rest_route=\/wp\/v2\/media\/74531"}],"wp:attachment":[{"href":"https:\/\/zonaroja.com.mx\/index.php?rest_route=%2Fwp%2Fv2%2Fmedia&parent=74530"}],"wp:term":[{"taxonomy":"category","embeddable":true,"href":"https:\/\/zonaroja.com.mx\/index.php?rest_route=%2Fwp%2Fv2%2Fcategories&post=74530"},{"taxonomy":"post_tag","embeddable":true,"href":"https:\/\/zonaroja.com.mx\/index.php?rest_route=%2Fwp%2Fv2%2Ftags&post=74530"}],"curies":[{"name":"wp","href":"https:\/\/api.w.org\/{rel}","templated":true}]}}