{"id":74533,"date":"2024-11-15T22:17:58","date_gmt":"2024-11-16T04:17:58","guid":{"rendered":"https:\/\/zonaroja.com.mx\/?p=74533"},"modified":"2024-11-15T22:18:00","modified_gmt":"2024-11-16T04:18:00","slug":"acusa-magisterio-oaxaqueno-incumplimientos-del-gobierno-estatal-y-del-federal","status":"publish","type":"post","link":"https:\/\/zonaroja.com.mx\/?p=74533","title":{"rendered":"Acusa magisterio oaxaque\u00f1o incumplimientos del gobierno estatal y del federal"},"content":{"rendered":"\n<p>Raymundo Morales\/Zona Roja.<\/p>\n\n\n\n<p>Oaxaca de Ju\u00e1rez, Oax., a 15 de noviembre de 2024.- \u201cEl Ejecutivo federal tiene que saber que esta Secci\u00f3n 22 se est\u00e1 reorganizando en los espacios correspondientes y a nivel nacional con la CNTE y que saldremos a las calles y no permitiremos m\u00e1s mesas dilatorias y no se van a ir seis a\u00f1os, no se va a ir un sexenio sin que este magisterio nuevamente muestre la fuerza que le ha caracterizado\u201d.<\/p>\n\n\n\n<p>Bajo esa consigna, este viernes el magisterio oaxaque\u00f1o efectu\u00f3 una marcha masiva, del crucero vial a Trinidad de Viguera hacia el z\u00f3calo capitalino, para denunciar incumplimientos del gobierno federal como del estatal a minutas firmadas desde junio pasado.<\/p>\n\n\n\n<p>Durante el mitin efectuado en el kiosco, con el respaldo tambi\u00e9n de organizaciones sociales, la dirigente de la gremial, Yenny Aracely P\u00e9rez Mart\u00ednez, enumer\u00f3 algunos de los pendientes:<\/p>\n\n\n\n<p>Pagos de la prima de antig\u00fcedad, la basificaci\u00f3n, la recategorizaci\u00f3n, la atenci\u00f3n de incidencias, el pago de adeudos; asimismo, la derogaci\u00f3n de la reforma educativa y de la ley del ISSSTE.<\/p>\n\n\n\n<p>\u201cExigimos la construcci\u00f3n de un hospital del tercer nivel, no tenemos hospitales para la atenci\u00f3n del pueblo de Oaxaca; exigimos la construcci\u00f3n de hospitales, la dotaci\u00f3n de equipos m\u00e9dicos y la contrataci\u00f3n de especialistas, tenemos que esperar meses para tener una cita.<\/p>\n\n\n\n<p>\u201cNo vamos a obviar que en materia de seguridad nuestro estado es uno de los estados con m\u00e1s cr\u00edmenes y violencia; se ha presentado la familia de paisana Sandra Dom\u00ednguez por eso este gobierno debe saber que como Secci\u00f3n 22 vamos a acompa\u00f1ar la lucha de familiares que est\u00e1n exigiendo justicia por las desapariciones y asesinatos\u201d, remarc\u00f3.<\/p>\n\n\n\n<p>Lament\u00f3 que el gobierno asegure que en el informe que hay seguridad y tranquilidad en el estado, cuando continua la violencia en contra de las mujeres y los asesinatos.<\/p>\n\n\n\n<p>\u201cEl mensaje de esta movilizaci\u00f3n tambi\u00e9n es para el Ejecutivo federal: con el anterior Presidente (Andr\u00e9s Manuel L\u00f3pez Obrador) tuvimos mesas y mesas, pero no solucionan los problemas de fondo, se fueron seis a\u00f1os y no se atendieron las demandas centrales\u201d.<\/p>\n\n\n\n<p>Por ello, convoc\u00f3 a los cuadros regionales y sectoriales a continuar en las mesas de discusi\u00f3n para reorganizar la lucha, en su caso para llegar a una huelga no s\u00f3lo del magisterio, sino de todos los sectores sociales, ante la nula respuesta a m\u00faltiples demandas.<\/p>\n\n\n\n<figure class=\"wp-block-embed is-type-rich is-provider-twitter wp-block-embed-twitter\"><div class=\"wp-block-embed__wrapper\">\n<div class=\"twitter-tweet\"><blockquote class=\"twitter-tweet\" data-lang=\"es\"><p lang=\"es\" dir=\"ltr\">Tras la marcha masiva, la secretaria General de la Secci\u00f3n 22 del SNTE, Yenny Aracely P\u00e9rez Mart\u00ednez, dio el posicionamiento de la gremial y asegur\u00f3 que el gobierno, a trav\u00e9s del <a href=\"https:\/\/twitter.com\/IEEPOGobOax?ref_src=twsrc%5Etfw\">@IEEPOGobOax<\/a>, no ha cumplido con el magisterio las diversas demandas planteadas; tampoco lo ha hecho\u2026 <a href=\"https:\/\/t.co\/e5Ie8aw2JA\">pic.twitter.com\/e5Ie8aw2JA<\/a><\/p>&mdash; Zona Roja Oaxaca (@ZonaRoja_Oaxaca) <a href=\"https:\/\/twitter.com\/ZonaRoja_Oaxaca\/status\/1857550009513750908?ref_src=twsrc%5Etfw\">15 de noviembre de 2024<\/a><\/blockquote><\/div>\n<\/div><\/figure>\n","protected":false},"excerpt":{"rendered":"<p>Raymundo Morales\/Zona Roja. Oaxaca de Ju\u00e1rez, Oax., a 15 de noviembre de 2024.- \u201cEl Ejecutivo&hellip;<\/p>\n","protected":false},"author":2,"featured_media":74534,"comment_status":"closed","ping_status":"open","sticky":false,"template":"","format":"standard","meta":{"_lmt_disableupdate":"","_lmt_disable":"","_jetpack_memberships_contains_paid_content":false,"footnotes":""},"categories":[109,47],"tags":[312],"class_list":["post-74533","post","type-post","status-publish","format-standard","has-post-thumbnail","hentry","category-minuto-a-minuto","category-zona-gris","tag-seccion-22-del-snte"],"jetpack_featured_media_url":"https:\/\/zonaroja.com.mx\/wp-content\/uploads\/2024\/11\/86759d5b-c3f1-4c6f-9971-7dda5075f514.jpg","jetpack_sharing_enabled":true,"_links":{"self":[{"href":"https:\/\/zonaroja.com.mx\/index.php?rest_route=\/wp\/v2\/posts\/74533","targetHints":{"allow":["GET"]}}],"collection":[{"href":"https:\/\/zonaroja.com.mx\/index.php?rest_route=\/wp\/v2\/posts"}],"about":[{"href":"https:\/\/zonaroja.com.mx\/index.php?rest_route=\/wp\/v2\/types\/post"}],"author":[{"embeddable":true,"href":"https:\/\/zonaroja.com.mx\/index.php?rest_route=\/wp\/v2\/users\/2"}],"replies":[{"embeddable":true,"href":"https:\/\/zonaroja.com.mx\/index.php?rest_route=%2Fwp%2Fv2%2Fcomments&post=74533"}],"version-history":[{"count":1,"href":"https:\/\/zonaroja.com.mx\/index.php?rest_route=\/wp\/v2\/posts\/74533\/revisions"}],"predecessor-version":[{"id":74535,"href":"https:\/\/zonaroja.com.mx\/index.php?rest_route=\/wp\/v2\/posts\/74533\/revisions\/74535"}],"wp:featuredmedia":[{"embeddable":true,"href":"https:\/\/zonaroja.com.mx\/index.php?rest_route=\/wp\/v2\/media\/74534"}],"wp:attachment":[{"href":"https:\/\/zonaroja.com.mx\/index.php?rest_route=%2Fwp%2Fv2%2Fmedia&parent=74533"}],"wp:term":[{"taxonomy":"category","embeddable":true,"href":"https:\/\/zonaroja.com.mx\/index.php?rest_route=%2Fwp%2Fv2%2Fcategories&post=74533"},{"taxonomy":"post_tag","embeddable":true,"href":"https:\/\/zonaroja.com.mx\/index.php?rest_route=%2Fwp%2Fv2%2Ftags&post=74533"}],"curies":[{"name":"wp","href":"https:\/\/api.w.org\/{rel}","templated":true}]}}