{"id":74540,"date":"2024-11-16T08:30:00","date_gmt":"2024-11-16T14:30:00","guid":{"rendered":"https:\/\/zonaroja.com.mx\/?p=74540"},"modified":"2024-11-16T07:09:14","modified_gmt":"2024-11-16T13:09:14","slug":"obtiene-fiscalia-de-oaxaca-certificacion-internacional-en-servicios-periciales","status":"publish","type":"post","link":"https:\/\/zonaroja.com.mx\/?p=74540","title":{"rendered":"Obtiene Fiscal\u00eda de Oaxaca certificaci\u00f3n internacional en servicios periciales"},"content":{"rendered":"\n<p>Redacci\u00f3n\/Zona Roja.&nbsp;<\/p>\n\n\n\n<p>Oaxaca de Ju\u00e1rez, Oax., a 16 de noviembre de 2024.- Durante la ceremonia de entrega de certificados de acreditaci\u00f3n de los laboratorios del Instituto de Servicios Periciales por el Programa Internacional para la Capacitaci\u00f3n y Asistencia en la Investigaci\u00f3n Criminal de la Agencia de Asuntos Antinarc\u00f3ticos y Aplicaci\u00f3n de la Ley de los Estados Unidos de Norteam\u00e9rica (ICITAP-INL), el Fiscal General del Estado Bernardo Rodr\u00edguez Alamilla dijo que, entre las prioridades de la instituci\u00f3n est\u00e1 fortalecer las investigaciones a trav\u00e9s de procesos cient\u00edficos que permitan darle certeza a las v\u00edctimas, que los trabajos periciales se realizan con los m\u00e1s altos est\u00e1ndares de calidad internacional.<\/p>\n\n\n\n<p>En el acto protocolario estuvieron presentes el director adjunto de Programas de Seguridad P\u00fablica y Aplicaci\u00f3n de la Ley de los Estados Unidos de Norteam\u00e9rica, Jos\u00e9 Vega; el director del Programa Internacional para la Capacitaci\u00f3n y Asistencia en la Investigaci\u00f3n Criminal de la Ley de los Estados Unidos de Norteam\u00e9rica en M\u00e9xico, Kyle Grimes;&nbsp; el director de Operaciones del Programa Forense de ICITAP, Miguel Oscar Aguilar Ruiz; la Oficial Mayor&nbsp; de la FGEO Arima Ojeda; el director del Instituto de Servicios Periciales, Jorge Guerrero G\u00f3mez<\/p>\n\n\n\n<p>El Fiscal General Bernardo Rodr\u00edguez Alamilla destac\u00f3 que la certificaci\u00f3n de los laboratorios de gen\u00e9tica, bal\u00edstica y documentos cuestionados son resultado del proceso de reingenier\u00eda institucional que se ha implementado, dentro del cual las alianzas estrat\u00e9gicas son claves, especialmente porque permite fortalecer y potenciar las capacidades de la instituci\u00f3n para brindar mejores resultados a la sociedad.<\/p>\n\n\n\n<p>Asimismo, reconoci\u00f3 el esfuerzo hecho por el personal del Instituto de Servicios Periciales, que obtuvo las acreditaciones necesarias para alcanzar la acreditaci\u00f3n, adem\u00e1s destac\u00f3 que esta acreditaci\u00f3n es resultado del trabajo en equipo entre las diferentes \u00e1reas de la Fiscal\u00eda General del Estado, pues, alcanzarla requiri\u00f3 de un especial cuidado en los procesos de administraci\u00f3n de los recursos que hicieran m\u00e1s efectiva la aplicaci\u00f3n de los recursos.<\/p>\n\n\n\n<p>Por su parte al intervenir el director adjunto del Programas de Seguridad P\u00fablica y Aplicaci\u00f3n de la Ley de los Estados Unidos de Norteam\u00e9rica Jos\u00e9 Vega reconoci\u00f3 el trabajo de la Fiscal\u00eda General del Estado para lograr la certificaci\u00f3n, pues esto demuestra la amplia capacidad t\u00e9cnica y profesional del organismo para desarrollar sus procesos bajo los m\u00e1s altos est\u00e1ndares internacionales, adem\u00e1s que este ejercicio es resultado de lo que se puede lograr a trav\u00e9s de la cooperaci\u00f3n internacional.<\/p>\n\n\n\n<p>Mientras que, el director del Programa Internacional para la Capacitaci\u00f3n y Asistencia en la Investigaci\u00f3n Criminal de la Ley de los Estados Unidos de Norteam\u00e9rica en M\u00e9xico, Kyle Grimes resalt\u00f3 la importancia que tiene la certificaci\u00f3n, ya que permite darle a las v\u00edctimas la certeza respecto a los trabajos que se realizan, y es una forma en la que la ciencia se pone al servicio de la procuraci\u00f3n de justicia, adem\u00e1s de ser una muestra de la transparencia que existe en la instituci\u00f3n, elemento fundamental dentro de la evaluaci\u00f3n para alcanzar la certificaci\u00f3n.<\/p>\n\n\n\n<p>Durante su participaci\u00f3n el director del Instituto de Servicios Periciales, Jorge G\u00f3mez Guerrero dijo que, con la certificaci\u00f3n se puede aportar m\u00e1s y mejores elementos t\u00e9cnicos y cient\u00edficos a las investigaciones, lo que permitir\u00e1 dar mejores resultados a la ciudadan\u00eda, y reconoci\u00f3 el esfuerzo del personal que particip\u00f3 en los procesos de acreditaci\u00f3n para la certificaci\u00f3n.<\/p>\n\n\n\n<p>El Programa Internacional para la Capacitaci\u00f3n y Asistencia en la Investigaci\u00f3n Criminal de la Agencia de Asuntos Antinarc\u00f3ticos y Aplicaci\u00f3n de la Ley de los Estados Unidos de Norteam\u00e9rica (ICITAP-INL), acredita y certifica que los laboratorios de gen\u00e9tica, bal\u00edstica y documentos cuestionados cumplen con los requisitos de la norma internacional ISO 17020 y 17025.<\/p>\n\n\n\n<figure class=\"wp-block-embed is-type-rich is-provider-twitter wp-block-embed-twitter\"><div class=\"wp-block-embed__wrapper\">\n<div class=\"twitter-tweet\"><blockquote class=\"twitter-tweet\" data-lang=\"es\"><p lang=\"es\" dir=\"ltr\">Fortalecer capacidades humanas del personal de la FGEO ayuda a brindar procesos de atenci\u00f3n con calidad y calidez a las v\u00edctimas: Fiscal Bernardo Rodr\u00edguez Alamilla<br><br>Oaxaca de Ju\u00e1rez, Oax., a 14 de noviembre de 2024.- Al entregar Certificados \u00danicos Policiales y participar en la\u2026 <a href=\"https:\/\/t.co\/smGCV4fAgu\">pic.twitter.com\/smGCV4fAgu<\/a><\/p>&mdash; Fiscal\u00eda General (@FISCALIA_GobOax) <a href=\"https:\/\/twitter.com\/FISCALIA_GobOax\/status\/1857257308968849557?ref_src=twsrc%5Etfw\">15 de noviembre de 2024<\/a><\/blockquote><\/div>\n<\/div><\/figure>\n\n\n\n<p>CAPACITAN A PERSONAL<\/p>\n\n\n\n<p>En otro acto, al entregar Certificados \u00danicos Policiales y participar en la ceremonia de clausura del programa de \u201cFortalecimiento de Habilidades Socioemocionales a personal de la FGEO\u201d, el Fiscal General del Estado Bernardo Rodr\u00edguez Alamilla dijo que, una parte fundamental del proceso de reingenier\u00eda institucional es trabajar en la parte humana, fortalecer las capacidades y brindarles herramientas que les permitan desempe\u00f1ar con calidad y calidez el servicio p\u00fablico.<\/p>\n\n\n\n<p>Durante el acto protocolario y ante la titular del Secretariado Ejecutivo de Seguridad P\u00fablica, Karina Bar\u00f3n Ortiz; el coordinador de la Agencia Estatal de Investigaciones, Jaciel V\u00e1squez Castro&nbsp; y la directora del Servicio Profesional de Carrera, Amalia Rueda Alonso; el Fiscal Bernardo Rodr\u00edguez Alamilla explic\u00f3 que la transformaci\u00f3n de una instituci\u00f3n como la Fiscal\u00eda General del Estado de Oaxaca no depende de una sola persona, sino que requiere de un trabajo en colaborativo entre \u00e1reas que permitan la implementaci\u00f3n de acciones que permitan realizar los cambios de fondo que se necesitan.<\/p>\n\n\n\n<p>Y reiter\u00f3 que para lograr una verdadera reingenier\u00eda es necesario fortalecer al personal para que tengan herramientas adecuadas para aprobar los controles de evaluaci\u00f3n y confianza, por ello, a trav\u00e9s de este tipo de procesos se les brindan herramientas de fortalecimiento en materia de capacidades t\u00e9cnicas, pero tambi\u00e9n se consider\u00f3 la parte humana, especialmente el tema de salud psicoemocional por medio de&nbsp; herramientas que les permitan mejorar la gesti\u00f3n del estr\u00e9s y las emociones, pues las y los servidores p\u00fablicos de la Fiscal\u00eda de Oaxaca continuamente est\u00e1n trabajando en situaciones l\u00edmite que exige una gran fortaleza, f\u00edsica, mental y emocional.<\/p>\n\n\n\n<p>Agreg\u00f3 que parte estrat\u00e9gica de la reingenier\u00eda institucional es generar acciones que atiendan la parte humana del personal, pues es tiempo de \u201ccuidar al que cuida y escuchar al que escucha\u201d, por lo que se establecen este tipo de acciones de autocuidado del personal de la instituci\u00f3n, ya que humanizar al personal, coadyuva en la construcci\u00f3n de una Fiscal\u00eda con rostro humano.<\/p>\n\n\n\n<p>Por su parte, la titular del Secretariado Ejecutivo de Seguridad P\u00fablica Karina Bar\u00f3n Ortiz sostuvo que, esta actividad en la que se concluye un proceso que atiende las recomendaciones hechas por el Centro de Evaluaci\u00f3n y Control&nbsp; de Confianza, es un avance significativo, ya que permite que el personal de la Fiscal\u00eda de Oaxaca est\u00e9 mejor capacitado para atender a las personas cuando se enfrenten a un hecho delictivo, lo que sin duda mejorar\u00e1 la calidad de los servicios que brinda la instituci\u00f3n.<\/p>\n\n\n\n<p>Al dar su mensaje&nbsp; la directora del Servicio Profesional de Carrera destac\u00f3 que estos procesos forman parte de la estrategia para atender las recomendaciones hechas por el Centro de Evaluaci\u00f3n y Confianza, y detall\u00f3 que tienen el objetivo de fortalecer de las capacidades del personal de la FGEO,&nbsp; las acciones permitieron atender a&nbsp; 183 personas, quienes fueron capacitadas y acompa\u00f1adas en los procesos que les permitan tener mejores herramientas para pasar por los controles con un mejor desempe\u00f1o.<\/p>\n\n\n\n<p>Mientras que el coordinador de la Agencia Estatal de Investigaciones Jaciel V\u00e1squez Castro reconoci\u00f3 el esfuerzo de las y los agentes que participaron en tanto en el programa de \u201cFortalecimiento de Habilidades Socioemocionales a personal de la FGEO\u201d, como a quienes recibieron sus Certificados \u00danicos Policiales, pues adquirieron capacidades que les ayudar\u00e1 en su desempe\u00f1o cotidiano en los procesos de investigaci\u00f3n.<\/p>\n\n\n\n<p>Finalmente, la Fiscal\u00eda General del Estado est\u00e1 en un proceso de reingenier\u00eda institucional que tiene el objetivo de mejorar los procesos de procuraci\u00f3n con el objetivo de brindar a la ciudadan\u00eda una atenci\u00f3n de calidad y calidez que les garantice un pleno acceso a la justicia.<\/p>\n","protected":false},"excerpt":{"rendered":"<p>Redacci\u00f3n\/Zona Roja.&nbsp; Oaxaca de Ju\u00e1rez, Oax., a 16 de noviembre de 2024.- Durante la ceremonia&hellip;<\/p>\n","protected":false},"author":2,"featured_media":74537,"comment_status":"closed","ping_status":"open","sticky":false,"template":"","format":"standard","meta":{"_lmt_disableupdate":"","_lmt_disable":"","_jetpack_memberships_contains_paid_content":false,"footnotes":""},"categories":[109,46],"tags":[494],"class_list":["post-74540","post","type-post","status-publish","format-standard","has-post-thumbnail","hentry","category-minuto-a-minuto","category-zona-blanca","tag-fiscalia-general-del-estado-de-oaxaca"],"jetpack_featured_media_url":"https:\/\/zonaroja.com.mx\/wp-content\/uploads\/2024\/11\/Fiscalia-capacitacion-.jpeg","jetpack_sharing_enabled":true,"_links":{"self":[{"href":"https:\/\/zonaroja.com.mx\/index.php?rest_route=\/wp\/v2\/posts\/74540","targetHints":{"allow":["GET"]}}],"collection":[{"href":"https:\/\/zonaroja.com.mx\/index.php?rest_route=\/wp\/v2\/posts"}],"about":[{"href":"https:\/\/zonaroja.com.mx\/index.php?rest_route=\/wp\/v2\/types\/post"}],"author":[{"embeddable":true,"href":"https:\/\/zonaroja.com.mx\/index.php?rest_route=\/wp\/v2\/users\/2"}],"replies":[{"embeddable":true,"href":"https:\/\/zonaroja.com.mx\/index.php?rest_route=%2Fwp%2Fv2%2Fcomments&post=74540"}],"version-history":[{"count":1,"href":"https:\/\/zonaroja.com.mx\/index.php?rest_route=\/wp\/v2\/posts\/74540\/revisions"}],"predecessor-version":[{"id":74541,"href":"https:\/\/zonaroja.com.mx\/index.php?rest_route=\/wp\/v2\/posts\/74540\/revisions\/74541"}],"wp:featuredmedia":[{"embeddable":true,"href":"https:\/\/zonaroja.com.mx\/index.php?rest_route=\/wp\/v2\/media\/74537"}],"wp:attachment":[{"href":"https:\/\/zonaroja.com.mx\/index.php?rest_route=%2Fwp%2Fv2%2Fmedia&parent=74540"}],"wp:term":[{"taxonomy":"category","embeddable":true,"href":"https:\/\/zonaroja.com.mx\/index.php?rest_route=%2Fwp%2Fv2%2Fcategories&post=74540"},{"taxonomy":"post_tag","embeddable":true,"href":"https:\/\/zonaroja.com.mx\/index.php?rest_route=%2Fwp%2Fv2%2Ftags&post=74540"}],"curies":[{"name":"wp","href":"https:\/\/api.w.org\/{rel}","templated":true}]}}