{"id":74542,"date":"2024-11-16T09:09:00","date_gmt":"2024-11-16T15:09:00","guid":{"rendered":"https:\/\/zonaroja.com.mx\/?p=74542"},"modified":"2024-11-16T07:27:21","modified_gmt":"2024-11-16T13:27:21","slug":"balaceras-y-asaltos-en-tehuantepec-matan-a-individuos-en-juchitan-y-jamiltepec","status":"publish","type":"post","link":"https:\/\/zonaroja.com.mx\/?p=74542","title":{"rendered":"Balaceras y asaltos en Tehuantepec; matan a individuos en Juchit\u00e1n y Jamiltepec"},"content":{"rendered":"\n<p>Raymundo Morales\/Zona Roja.<\/p>\n\n\n\n<p>Oaxaca de Ju\u00e1rez, Oax., a 16 de noviembre de 2024.- Una persona del sexo masculino fue asesinada alrededor de las siete de la ma\u00f1ana en Juchit\u00e1n de Zaragoza.<\/p>\n\n\n\n<p>El cuerpo con varios impactos de arma de fuego fue localizado a un costado de un veh\u00edculo en el tramo carretero La Venta-La Ventosa y a\u00fan se desconoce su identidad.<\/p>\n\n\n\n<p>De acuerdo con datos preliminares, en el sitio se hallaron m\u00faltiples impactos de arma de fuego y podr\u00eda haber personas lesionadas, pero no fueron halladas en el lugar; presuntamente habr\u00edan sido plagiadas.<\/p>\n\n\n\n<p>Otro homicidio doloso se registr\u00f3 ayer en Santiago Jamiltepec, municipio de la regi\u00f3n Costa del estado de Oaxaca.<\/p>\n\n\n\n<p>El cuerpo fue hallado a un costado de la carretera federal 200 y la v\u00edctima fue identificada como Neri M. N., de aproximadamente 43 a\u00f1os de edad.<\/p>\n\n\n\n<p>Param\u00e9dicos de la regi\u00f3n atendieron la emergencia tras recibir una llamada de auxilio, pero corroboraron que la persona ya no contaba con signos vitales, debido a m\u00faltiples impactos de arma de fuego en distintas partes del cuerpo.<\/p>\n\n\n\n<p>La v\u00edctima era empresario de dicho municipio y hasta el momento se desconoce tanto el m\u00f3vil como la identidad de los autores del asesinato.<\/p>\n\n\n\n<p>EN TEHUANTEPEC<\/p>\n\n\n\n<p>Por otra parte, en la colonia San Pablo de Santo Domingo Tehuantepec se registr\u00f3 anoche una balacera, con saldo de una persona del sexo masculino lesionada de gravedad.<\/p>\n\n\n\n<p>La agresi\u00f3n armada ocurri\u00f3 en la calle Cuahut\u00e9moc y la v\u00edctima fue trasladada a un hospital local.<\/p>\n\n\n\n<p>Horas antes, tambi\u00e9n en Tehuantepec fue asaltada una sucursal de Farmacia del Ahorro, que se localiza en el barrio Vixhana.<\/p>\n\n\n\n<p>Fueron al menos dos individuos armados que ingresaron al establecimiento y se apoderaron de dinero y art\u00edculos, tras lo cual huyeron sin contratiempos, a falta de vigilancia policiaca en la zona.<\/p>\n\n\n\n<p>En tanto que la noche del jueves ocurrieron tambi\u00e9n detonaciones de arma de fuego, en el barrio Liza, sin que se confirmaran personas lesionadas y \u00fanicamente fue a la fachada de un domicilio.<\/p>\n\n\n\n<p>En la semana que termina se han registrado diversos delitos en Tehuantepec, como el asalto a una taquilla de la termina de autobuses ADO as\u00ed como a sucursales de las tiendas Oxxo y Coppel; no hay personas detenidas.<\/p>\n","protected":false},"excerpt":{"rendered":"<p>Raymundo Morales\/Zona Roja. Oaxaca de Ju\u00e1rez, Oax., a 16 de noviembre de 2024.- Una persona&hellip;<\/p>\n","protected":false},"author":2,"featured_media":68050,"comment_status":"closed","ping_status":"open","sticky":false,"template":"","format":"standard","meta":{"_lmt_disableupdate":"","_lmt_disable":"","_jetpack_memberships_contains_paid_content":false,"footnotes":""},"categories":[109,51],"tags":[123],"class_list":["post-74542","post","type-post","status-publish","format-standard","has-post-thumbnail","hentry","category-minuto-a-minuto","category-zona-roja","tag-juchitan-de-zaragoza"],"jetpack_featured_media_url":"https:\/\/zonaroja.com.mx\/wp-content\/uploads\/2024\/05\/Escena-asesinato-crimen.jpg","jetpack_sharing_enabled":true,"_links":{"self":[{"href":"https:\/\/zonaroja.com.mx\/index.php?rest_route=\/wp\/v2\/posts\/74542","targetHints":{"allow":["GET"]}}],"collection":[{"href":"https:\/\/zonaroja.com.mx\/index.php?rest_route=\/wp\/v2\/posts"}],"about":[{"href":"https:\/\/zonaroja.com.mx\/index.php?rest_route=\/wp\/v2\/types\/post"}],"author":[{"embeddable":true,"href":"https:\/\/zonaroja.com.mx\/index.php?rest_route=\/wp\/v2\/users\/2"}],"replies":[{"embeddable":true,"href":"https:\/\/zonaroja.com.mx\/index.php?rest_route=%2Fwp%2Fv2%2Fcomments&post=74542"}],"version-history":[{"count":1,"href":"https:\/\/zonaroja.com.mx\/index.php?rest_route=\/wp\/v2\/posts\/74542\/revisions"}],"predecessor-version":[{"id":74543,"href":"https:\/\/zonaroja.com.mx\/index.php?rest_route=\/wp\/v2\/posts\/74542\/revisions\/74543"}],"wp:featuredmedia":[{"embeddable":true,"href":"https:\/\/zonaroja.com.mx\/index.php?rest_route=\/wp\/v2\/media\/68050"}],"wp:attachment":[{"href":"https:\/\/zonaroja.com.mx\/index.php?rest_route=%2Fwp%2Fv2%2Fmedia&parent=74542"}],"wp:term":[{"taxonomy":"category","embeddable":true,"href":"https:\/\/zonaroja.com.mx\/index.php?rest_route=%2Fwp%2Fv2%2Fcategories&post=74542"},{"taxonomy":"post_tag","embeddable":true,"href":"https:\/\/zonaroja.com.mx\/index.php?rest_route=%2Fwp%2Fv2%2Ftags&post=74542"}],"curies":[{"name":"wp","href":"https:\/\/api.w.org\/{rel}","templated":true}]}}