{"id":7455,"date":"2020-01-08T21:43:24","date_gmt":"2020-01-09T03:43:24","guid":{"rendered":"http:\/\/www.zonaroja.com.mx\/?p=7455"},"modified":"2020-01-08T21:45:41","modified_gmt":"2020-01-09T03:45:41","slug":"exigen-diputados-a-fiscalia-agilizar-caso-maria-elena-juez-difiere-audiencia","status":"publish","type":"post","link":"https:\/\/zonaroja.com.mx\/?p=7455","title":{"rendered":"Exigen diputados a Fiscal\u00eda agilizar caso Mar\u00eda Elena; juez difiere audiencia"},"content":{"rendered":"\n<p>Ismael Garc\u00eda M.\/Zona Roja.<\/p>\n\n\n\n<p>San Raymundo Jalpan, Oax., 8 de enero\nde 2020.- Con 31 votos a favor, el pleno de la 64 Legislatura de Oaxaca aprob\u00f3\nun Punto de Acuerdo por el cual se exhorta al titular de la Fiscal\u00eda General\ndel Estado, Rub\u00e9n Vasconcelos M\u00e9ndez, agilice las investigaciones en torno a la\nagresi\u00f3n que sufri\u00f3 la joven Mar\u00eda Elena R\u00edos Ortiz.<\/p>\n\n\n\n<p>\u201cEn diversos medios de comunicaci\u00f3n\nfamiliares y amigos han denunciado la falta de atenci\u00f3n m\u00e9dica, la omisi\u00f3n de\nlas autoridades estatales en relaci\u00f3n al caso y la lenta investigaci\u00f3n\nrealizada por la Fiscal\u00eda General del Estado\u201d, se\u00f1al\u00f3 la diputada Aleida\nSerrano, que ley\u00f3 la propuesta, a nombre del grupo parlamentario de Mujeres\nIndependientes.<\/p>\n\n\n\n<p>Asimismo, exigi\u00f3 que a la brevedad posible se concluya con la integraci\u00f3n del legajo de investigaci\u00f3n por los actos de violencia y agresi\u00f3n que sufri\u00f3 la joven saxofonista el pasado 8 de septiembre y se le garantice a la v\u00edctima del delito el acceso a peritos de psicolog\u00eda.<\/p>\n\n\n\n<figure class=\"wp-block-embed-twitter wp-block-embed is-type-rich is-provider-twitter\"><div class=\"wp-block-embed__wrapper\">\n<div class=\"twitter-tweet\"><blockquote class=\"twitter-tweet\" data-lang=\"es\"><p lang=\"es\" dir=\"ltr\">Con 31 votos, el pleno del <a href=\"https:\/\/twitter.com\/CongresoOaxLXIV?ref_src=twsrc%5Etfw\">@CongresoOaxLXIV<\/a> aprob\u00f3 un exhorto para que la <a href=\"https:\/\/twitter.com\/FISCALIA_GobOax?ref_src=twsrc%5Etfw\">@FISCALIA_GobOax<\/a> agilice las investigaciones del caso de Mar\u00eda Elena R\u00edos; asimismo, comparezcan el fiscal <a href=\"https:\/\/twitter.com\/RVasconcelosM?ref_src=twsrc%5Etfw\">@RVasconcelosM<\/a> y la titular de <a href=\"https:\/\/twitter.com\/SMO_GobOax?ref_src=twsrc%5Etfw\">@SMO_GobOax<\/a>, <a href=\"https:\/\/twitter.com\/anavasquezc?ref_src=twsrc%5Etfw\">@anavasquezc<\/a>. <a href=\"https:\/\/t.co\/uXXUzcLANN\">pic.twitter.com\/uXXUzcLANN<\/a><\/p>&mdash; Zona Roja Oaxaca (@MexRoja) <a href=\"https:\/\/twitter.com\/MexRoja\/status\/1215006630116499462?ref_src=twsrc%5Etfw\">8 de enero de 2020<\/a><\/blockquote><\/div>\n<\/div><\/figure>\n\n\n\n<p>Por otro lado, la propuesta aprobada\nincluye citar a comparecer ante el pleno de esta Legislatura, al fiscal General\ndel Estado y a la titular de la Secretar\u00eda de las Mujeres, Ana V\u00e1squez\nColmenares.<\/p>\n\n\n\n<p>Lo anterior \u201cpara que informen de las\nacciones que han desplegado en el \u00e1mbito de sus competencias para atender,\nprevenir, erradicar y sancionar los delitos contra las mujeres por cuestiones\nde raz\u00f3n de g\u00e9nero, respectivamente\u201d.<\/p>\n\n\n\n<p>DIFIEREN AUDIENCIA<\/p>\n\n\n\n<p>Por otro lado, este mi\u00e9rcoles 8 de\nenero venc\u00eda el plazo para que el juez federal de la causa difiri\u00f3 la audiencia\nen que definir\u00eda si se otorga el amparo definitivo contra cualquier acto de\njusticia, a favor del empresario y ex diputado local Juan Antonio Vera\nCarrizal; ser\u00eda hasta el d\u00eda 15 en que resuelva el caso.<\/p>\n\n\n\n<p>Fue el pasado 31 de diciembre en que\nel inculpado de ser el autor intelectual del ataque a Mar\u00eda Elena, pidi\u00f3 la\nprotecci\u00f3n de la justicia federal, para conocer si ten\u00eda o no alguna orden de\naprehensi\u00f3n en su contra.<\/p>\n\n\n\n<p>Dicho amparo le fue concedido el pasado 2 de enero, lo cual fue repudiado por diversos sectores sociales, incluyendo la familia de Mar\u00eda Elena. <\/p>\n\n\n\n<figure class=\"wp-block-embed-twitter wp-block-embed is-type-rich is-provider-twitter\"><div class=\"wp-block-embed__wrapper\">\n<div class=\"twitter-tweet\"><blockquote class=\"twitter-tweet\" data-lang=\"es\"><p lang=\"es\" dir=\"ltr\">En tribuna durante la sesi\u00f3n ordinaria del pleno del <a href=\"https:\/\/twitter.com\/CongresoOaxLXIV?ref_src=twsrc%5Etfw\">@CongresoOaxLXIV<\/a>, el diputado local <a href=\"https:\/\/twitter.com\/cesarmoralesn?ref_src=twsrc%5Etfw\">@cesarmoralesn<\/a> se pronunci\u00f3 tambi\u00e9n por el caso Mar\u00eda Elena; sin embargo, su iniciativa fue turnada a comisiones y no recibi\u00f3 el respaldo inmediato de los legisladores. <a href=\"https:\/\/t.co\/opWXcurqwJ\">pic.twitter.com\/opWXcurqwJ<\/a><\/p>&mdash; Zona Roja Oaxaca (@MexRoja) <a href=\"https:\/\/twitter.com\/MexRoja\/status\/1215115800727605248?ref_src=twsrc%5Etfw\">9 de enero de 2020<\/a><\/blockquote><\/div>\n<\/div><\/figure>\n\n\n\n<p>\u201cBATEAN\u201d A DIPUTADO DEL PT<\/p>\n\n\n\n<p>En tanto, en la sesi\u00f3n ordinaria de\neste mismo mi\u00e9rcoles, el diputado por el Partido del Trabajo, C\u00e9sar Morales\nNi\u00f1o, present\u00f3 tambi\u00e9n una propuesta de Punto de Acuerdo sobre el mismo caso de\nla joven saxofonista.<\/p>\n\n\n\n<p>\u201cCon ese hecho, se ha puesto\nnuevamente a Oaxaca en la \u00f3rbita de la impunidad y negligencia, porque ese\nasunto cobr\u00f3 relevancia y empez\u00f3 a ser atendido porque trascendi\u00f3 a nivel\nnacional\u201d, dijo.<\/p>\n\n\n\n<p>Plante\u00f3 que el Congreso del Estado\nemitiera un pronunciamiento al respecto, adem\u00e1s de que se exhorte al Gobierno\ndel Estado se otorguen las medidas de protecci\u00f3n necesarias a Mar\u00eda Elena.<\/p>\n\n\n\n<p>\u201cEl Estado ha sido negligente e\nimpide que las mujeres tengan acceso al derecho a la justicia y la reparaci\u00f3n\ndel da\u00f1o para las v\u00edctimas de violencia todo esto a trav\u00e9s de la falta de\nsensibilidad por parte de los operadores judiciales, demora en la iniciaci\u00f3n de\ninvestigaciones, entre otras\u201d, dijo; su iniciativa fue turnada a comisiones.<\/p>\n","protected":false},"excerpt":{"rendered":"<p>Ismael Garc\u00eda M.\/Zona Roja. San Raymundo Jalpan, Oax., 8 de enero de 2020.- Con 31&hellip;<\/p>\n","protected":false},"author":2,"featured_media":7456,"comment_status":"closed","ping_status":"open","sticky":false,"template":"","format":"standard","meta":{"_lmt_disableupdate":"","_lmt_disable":"","_jetpack_memberships_contains_paid_content":false,"footnotes":""},"categories":[109,47],"tags":[213,1124],"class_list":["post-7455","post","type-post","status-publish","format-standard","has-post-thumbnail","hentry","category-minuto-a-minuto","category-zona-gris","tag-64-legislatura-de-oaxaca","tag-maria-elena-rios-ortiz"],"jetpack_featured_media_url":"https:\/\/zonaroja.com.mx\/wp-content\/uploads\/2020\/01\/Sesi\u00f3n-8ene.jpg","jetpack_sharing_enabled":true,"_links":{"self":[{"href":"https:\/\/zonaroja.com.mx\/index.php?rest_route=\/wp\/v2\/posts\/7455","targetHints":{"allow":["GET"]}}],"collection":[{"href":"https:\/\/zonaroja.com.mx\/index.php?rest_route=\/wp\/v2\/posts"}],"about":[{"href":"https:\/\/zonaroja.com.mx\/index.php?rest_route=\/wp\/v2\/types\/post"}],"author":[{"embeddable":true,"href":"https:\/\/zonaroja.com.mx\/index.php?rest_route=\/wp\/v2\/users\/2"}],"replies":[{"embeddable":true,"href":"https:\/\/zonaroja.com.mx\/index.php?rest_route=%2Fwp%2Fv2%2Fcomments&post=7455"}],"version-history":[{"count":2,"href":"https:\/\/zonaroja.com.mx\/index.php?rest_route=\/wp\/v2\/posts\/7455\/revisions"}],"predecessor-version":[{"id":7458,"href":"https:\/\/zonaroja.com.mx\/index.php?rest_route=\/wp\/v2\/posts\/7455\/revisions\/7458"}],"wp:featuredmedia":[{"embeddable":true,"href":"https:\/\/zonaroja.com.mx\/index.php?rest_route=\/wp\/v2\/media\/7456"}],"wp:attachment":[{"href":"https:\/\/zonaroja.com.mx\/index.php?rest_route=%2Fwp%2Fv2%2Fmedia&parent=7455"}],"wp:term":[{"taxonomy":"category","embeddable":true,"href":"https:\/\/zonaroja.com.mx\/index.php?rest_route=%2Fwp%2Fv2%2Fcategories&post=7455"},{"taxonomy":"post_tag","embeddable":true,"href":"https:\/\/zonaroja.com.mx\/index.php?rest_route=%2Fwp%2Fv2%2Ftags&post=7455"}],"curies":[{"name":"wp","href":"https:\/\/api.w.org\/{rel}","templated":true}]}}