{"id":74553,"date":"2024-11-16T13:43:00","date_gmt":"2024-11-16T19:43:00","guid":{"rendered":"https:\/\/zonaroja.com.mx\/?p=74553"},"modified":"2024-11-16T07:51:22","modified_gmt":"2024-11-16T13:51:22","slug":"regana-claudia-sheinbaum-a-monreal-por-uso-de-helicoptero","status":"publish","type":"post","link":"https:\/\/zonaroja.com.mx\/?p=74553","title":{"rendered":"\u201cRega\u00f1a\u201d Claudia Sheinbaum a Monreal por uso de helic\u00f3ptero"},"content":{"rendered":"\n<p>Redacci\u00f3n\/Zona Roja Cdmx.<\/p>\n\n\n\n<p>Ciudad de M\u00e9xico, a 16 de noviembre de 2024.- Claudia Sheinbaum, presidenta de M\u00e9xico, consider\u00f3 que el uso de helic\u00f3pteros por parte del coordinador de los diputados federales de Morena, Ricardo Monreal, no es la manera en que se deben comportar los funcionarios p\u00fablicos que forman parte de la Cuarta Transformaci\u00f3n.<\/p>\n\n\n\n<p>\u201cEs una decisi\u00f3n de \u00e9l. Yo siempre he pensado que nosotros debemos ser un ejemplo a la sociedad y que no debe haber \u2018gobierno rico, con pueblo pobre\u2019. Entonces no es esa la manera en que nos comportamos y creo que todos debemos de dar el ejemplo\u201d, plante\u00f3 este viernes.<\/p>\n\n\n\n<p>Esta semana se difundieron im\u00e1genes en las que se ve a Monreal ascender a un helic\u00f3ptero junto a Pedro Haces, coordinador de Operaci\u00f3n Pol\u00edtica de Morena en la C\u00e1mara de Diputados.<\/p>\n\n\n\n<p>El legislador reconoci\u00f3 que desde que fue gobernador de Zacatecas recurre a tranportarse en veh\u00edculos privados cuando tiene emergencias. En los traslados que ha realizado desde el deportivo Venustiano Carranza, asegur\u00f3 que no ha implicado gastos al erario.<\/p>\n\n\n\n<p>\u201cS\u00ed es cierto, yo desde que era gobernador, despu\u00e9s de vez en cuando uso veh\u00edculos as\u00ed, de tipo privado, lo he hecho desde hace muchos a\u00f1os y lo sigo haciendo cuando hay emergencias, urgencias, no es a cargo del erario, no es a cargo de la C\u00e1mara\u201d, respondi\u00f3 el legislador.<\/p>\n\n\n\n<p>Uno de los principios de Morena es que una vez que se accede al poder, debe ser ejercido con austeridad republicana. En su proyecto de naci\u00f3n 2024-2030 establecen como uno de sus ejes \u201cpromover la austeridad republicana para garantizar la eficiencia y eficacia de la gesti\u00f3n p\u00fablica\u201d.<\/p>\n\n\n\n<p>Al referirse al uso del helic\u00f3ptero, la presidenta consider\u00f3 que los integrantes de la Cuarta Transformaci\u00f3n deben dar el ejemplo.<\/p>\n\n\n\n<p>\u201cTodos los que pertenecemos a la Cuarta Transformaci\u00f3n tenemos que dar ejemplo pero en particular el uso del helic\u00f3ptero de Ricardo ese d\u00eda pues lo tendr\u00eda que explicar, creo que ayer se movi\u00f3 en motocicleta\u201d, coment\u00f3.<\/p>\n\n\n\n<p>No es la primera vez que la presidenta les llama la atenci\u00f3n a los legisladores. En octubre pasado, tambi\u00e9n les insisti\u00f3 que deben andar m\u00e1s en territorio e hizo \u00e9nfasis en que solo sesionan \u00abdos veces a la semana\u00bb, por lo que les pidi\u00f3 regresar a sus estados en los dem\u00e1s d\u00edas e informar el trabajo que hacen.<\/p>\n\n\n\n<p>\u201c(Tienen) que regresar a sus territorios. S\u00ed, tienen que proponer leyes, votar las leyes, discutirlas, debatirlas pero las y los legisladores fueron electos por el pueblo y muchas veces llegan a este lugar al Congreso, a ese gran edificio, y ya no salen de ah\u00ed\u201d, les reproch\u00f3.<\/p>\n\n\n\n<p>(Informaci\u00f3n de \u201cExpansi\u00f3n Pol\u00edtica\u201d)<\/p>\n","protected":false},"excerpt":{"rendered":"<p>Redacci\u00f3n\/Zona Roja Cdmx. Ciudad de M\u00e9xico, a 16 de noviembre de 2024.- Claudia Sheinbaum, presidenta&hellip;<\/p>\n","protected":false},"author":2,"featured_media":74554,"comment_status":"closed","ping_status":"open","sticky":false,"template":"","format":"standard","meta":{"_lmt_disableupdate":"","_lmt_disable":"","_jetpack_memberships_contains_paid_content":false,"footnotes":""},"categories":[109,47],"tags":[583],"class_list":["post-74553","post","type-post","status-publish","format-standard","has-post-thumbnail","hentry","category-minuto-a-minuto","category-zona-gris","tag-ricardo-monreal"],"jetpack_featured_media_url":"https:\/\/zonaroja.com.mx\/wp-content\/uploads\/2024\/11\/Monreal-helicoptero.webp","jetpack_sharing_enabled":true,"_links":{"self":[{"href":"https:\/\/zonaroja.com.mx\/index.php?rest_route=\/wp\/v2\/posts\/74553","targetHints":{"allow":["GET"]}}],"collection":[{"href":"https:\/\/zonaroja.com.mx\/index.php?rest_route=\/wp\/v2\/posts"}],"about":[{"href":"https:\/\/zonaroja.com.mx\/index.php?rest_route=\/wp\/v2\/types\/post"}],"author":[{"embeddable":true,"href":"https:\/\/zonaroja.com.mx\/index.php?rest_route=\/wp\/v2\/users\/2"}],"replies":[{"embeddable":true,"href":"https:\/\/zonaroja.com.mx\/index.php?rest_route=%2Fwp%2Fv2%2Fcomments&post=74553"}],"version-history":[{"count":1,"href":"https:\/\/zonaroja.com.mx\/index.php?rest_route=\/wp\/v2\/posts\/74553\/revisions"}],"predecessor-version":[{"id":74555,"href":"https:\/\/zonaroja.com.mx\/index.php?rest_route=\/wp\/v2\/posts\/74553\/revisions\/74555"}],"wp:featuredmedia":[{"embeddable":true,"href":"https:\/\/zonaroja.com.mx\/index.php?rest_route=\/wp\/v2\/media\/74554"}],"wp:attachment":[{"href":"https:\/\/zonaroja.com.mx\/index.php?rest_route=%2Fwp%2Fv2%2Fmedia&parent=74553"}],"wp:term":[{"taxonomy":"category","embeddable":true,"href":"https:\/\/zonaroja.com.mx\/index.php?rest_route=%2Fwp%2Fv2%2Fcategories&post=74553"},{"taxonomy":"post_tag","embeddable":true,"href":"https:\/\/zonaroja.com.mx\/index.php?rest_route=%2Fwp%2Fv2%2Ftags&post=74553"}],"curies":[{"name":"wp","href":"https:\/\/api.w.org\/{rel}","templated":true}]}}