{"id":74559,"date":"2024-11-16T12:58:00","date_gmt":"2024-11-16T18:58:00","guid":{"rendered":"https:\/\/zonaroja.com.mx\/?p=74559"},"modified":"2024-11-16T07:59:50","modified_gmt":"2024-11-16T13:59:50","slug":"opinion-tres-pequenas-almas-e-historias-de-dolor","status":"publish","type":"post","link":"https:\/\/zonaroja.com.mx\/?p=74559","title":{"rendered":"Opini\u00f3n. Tres peque\u00f1as almas e historias de dolor"},"content":{"rendered":"\n<p>Ver\u00f3nica Villalvazo (Frida Guerrera)<\/p>\n\n\n\n<p>Voces de la Ausencia necesita de ti, sabemos que siempre podemos contar contigo; hoy nos convocan tres peque\u00f1as almas: Kerubiel, Bella y Linda. Son tres beb\u00e9s no identificados que debemos inhumar.&nbsp;<\/p>\n\n\n\n<p>Para ello, necesitamos reunir 60 mil pesos, si donas un peso podemos reunir lo necesario para darles un descanso con dignidad. La cuenta para esta ayuda solidaria es: 5256783975621997. CLABE 002610902435358318 de Banamex. \u00a1Gracias por tu ayuda!<\/p>\n\n\n\n<p>CASO LUPITA<\/p>\n\n\n\n<p>Cuando est\u00e1bamos investigando el caso de nuestra peque\u00f1a (Lupe) Guadalupe Medina Pichardo, y ante la magnitud del feminicidio, el entonces&nbsp;fiscal general&nbsp;del Estado de M\u00e9xico,&nbsp;Alejandro Jaime G\u00f3mez S\u00e1nchez, tom\u00f3 la decisi\u00f3n de inhumar&nbsp;sin ser identificada, en ese momento a&nbsp;Lupita;&nbsp;en el Parque Memorial Gayosso,&nbsp;para darle un poco de dignidad a la peque\u00f1a.&nbsp;<\/p>\n\n\n\n<p>Cuando dimos con su tumba y luego de nuestra investigaci\u00f3n se hizo justicia a la ni\u00f1a e iniciamos una relaci\u00f3n de coadyuvancia con la Fiscal\u00eda en (agosto de 2018).&nbsp;<\/p>\n\n\n\n<p>CASO C\u00c9SAR<\/p>\n\n\n\n<p>Lleg\u00f3 el caso de C\u00e9sar Emiliano. Un peque\u00f1o de a\u00f1o y medio que fue dejado en calles del municipio de Tultepec, el 4 de octubre de 2018,&nbsp;y,&nbsp;que tambi\u00e9n estaba como no identificado; por lo que le solicit\u00e9 al Fiscal le di\u00e9ramos el mismo trato digno que se dio a Lupe.&nbsp;<\/p>\n\n\n\n<p>\u00c9l accedi\u00f3 y fue cuando intervino la Comisionada de Atenci\u00f3n a V\u00edctimas del Estado de M\u00e9xico (CEAVEM), entonces encabezada por Isabel S\u00e1nchez Holgu\u00edn, al dejar la titularidad de CEAVEM.<\/p>\n\n\n\n<p>La maestra Carolina Alan\u00eds Moreno&nbsp;retom\u00f3 el apoyo. Fue entonces que cada ni\u00f1a o ni\u00f1o del que ten\u00edamos conocimiento; solicit\u00e1bamos el apoyo de la CEAVEM, la intervenci\u00f3n de la Maestra Dilcya Samantha Garc\u00eda Espinoza de los Monteros,&nbsp;Fiscal Central para la Atenci\u00f3n de Delitos Vinculados a la Violencia de G\u00e9nero del Estado de M\u00e9xico, de la Comisi\u00f3n de B\u00fasqueda de la entidad, encabezada entonces por la Doctora Mar\u00eda Sol Berenice Salgado Ambros.&nbsp;<\/p>\n\n\n\n<p>MAS CASOS<\/p>\n\n\n\n<p>Juntas llevamos a cabo las inhumaciones de \u201cEstrella\u201d (localizada el 28 de junio de 2020, debajo de un puente en Arag\u00f3n. \u201cJes\u00fas\u201d, localizado el 5 de julio de 2021, en Almoloya de Ju\u00e1rez. \u201cLOVE\u201d (beba de Polotitl\u00e1n) localizada el 27 de octubre de 2021, en inmediaciones de Quer\u00e9taro y el Estado de M\u00e9xico. \u201cMateo\u201d localizado en un parque de juegos en Ixtapaluca el 5 de marzo de 2022. &nbsp;\u201cFlorecita\u201d localizada en Toluca, el 28 de octubre de 2022. \u201cAngelito\u201d localizado el 25 de enero de 2023 en Huehuetoca. \u201cMiguelito\u201d, localizado el 8 de febrero de 2023 en Texcoco. &nbsp;\u201cUriel\u201d, localizado el 28 de junio de 2023, en Ecatepec.&nbsp;<\/p>\n\n\n\n<p>DIGNA SEPULTURA<\/p>\n\n\n\n<p>Son los peque\u00f1os beb\u00e9s a quienes dimos digna sepultura en aquel pante\u00f3n que para nosotros se ha convertido en un santuario para sus peque\u00f1as almas. Para Caro, Dilcya, Sol, las familias de las Voces de la Ausencia, Daniel (mi colaborador) y quien escribe; cada vez que llev\u00e1bamos a cada uno de estos peque\u00f1os a quienes adopt\u00e1bamos como nuestros beb\u00e9s, lo hac\u00edamos con todo el amor y respeto que cada uno merece, por ello lo que ahora est\u00e1 pasando nos duele de sobremanera.<\/p>\n\n\n\n<p>Nosotros desear\u00edamos que ya no, asesinaran y abandonaran a m\u00e1s beb\u00e9s en el Estado de M\u00e9xico. Lamentablemente, es el \u00fanico estado del pa\u00eds que tuvo la sensibilidad de darles un trato digno a estos peque\u00f1itos, hemos solicitado a algunas fiscal\u00edas&nbsp;de otros estados.&nbsp;Nos permitan apoyarles haciendo los retratos hablados de los y las peque\u00f1as que localizan sin vida, sin embargo, jam\u00e1s lo han permitido.<\/p>\n\n\n\n<p>CASO \u201cKERUBIEL\u201d<\/p>\n\n\n\n<p>El 25 de marzo de 2024, \u201cKerubiel\u201d, fue localizado en el basurero de Nezahualc\u00f3yotl. \u201cBella\u201d fue localizada el 9 de julio de 2024 cerca de un pante\u00f3n en Chiconautla. \u201cLinda\u201d fue localizada el 5 de noviembre de 2024, en Chimalhuac\u00e1n. Solicitamos una vez m\u00e1s su apoyo ahora a la nueva&nbsp;administraci\u00f3n de CEAVEM, la respuesta primeramente fue. \u201cD\u00e9jame ver c\u00f3mo podemos apoyarte\u201d. Entendemos que es otro gobierno, y cabe aclarar que esto no es pol\u00edtico, tambi\u00e9n nos queda claro que deben revisar a detalle cada apoyo que se otorga a las v\u00edctimas, sin embargo, nos parece lamentable que no haya la sensibilidad para otorgar y restituir los derechos de nuestros beb\u00e9s. Esperamos estos meses desde marzo, luego volvimos a solicitar el apoyo cuando tiraron a \u201cBella\u201d, y ahora con la peque\u00f1a \u201cLinda\u201d. La respuesta ahora fue. \u201cNo tengo forma de justificar ese gasto\u201d.&nbsp;<\/p>\n\n\n\n<p>Por ello el pasado domingo 10 de noviembre, cuando acudimos a visitar a nuestros beb\u00e9s al pante\u00f3n, y al ver la negativa por ayudar a estos beb\u00e9s, no a nosotros. Preguntamos por el costo de una gaveta donde pueden ser sepultadas 4 personas, casi 60 mil pesos, nos dieron la \u201cpromoci\u00f3n\u201d de pagar el paquete a meses sin intereses lo adquirimos pensando que pod\u00edamos utilizar de inmediato, nos hicieron saber que no,\u00a0que,\u00a0hasta pagar la mitad, pero era mejor pagarlo todo en un plazo de 60 d\u00edas para que nos respeten ese precio.\u00a0<\/p>\n\n\n\n<p>SIN LUCRO<\/p>\n\n\n\n<p>En muchas ocasiones me han acusado de \u201clucrar\u201d, situaci\u00f3n que jam\u00e1s ha pasado, nunca me han probado nada, s\u00f3lo&nbsp;son&nbsp;campa\u00f1as de desacreditaci\u00f3n. Porque jam\u00e1s utilizar\u00edamos el dolor de ninguna v\u00edctima para obtener un beneficio propio, nuestra \u00fanica paga es que llegue la justicia.<\/p>\n\n\n\n<p>Daniel, preocupado, me dijo, \u201cy si empiezan a decir que est\u00e1s lucrando\u201d. Le dije que no me interesa porque no es as\u00ed, es reunir dinero para poder inhumar a estos peque\u00f1os a los que les quedamos todos como sociedad a deber. Otra campa\u00f1a de desacreditaci\u00f3n ya no me importa. Los beb\u00e9s, lo valen, eso y mucho m\u00e1s.&nbsp;<\/p>\n\n\n\n<p>Por lo que solicitamos su apoyo para lograr reunir esta cantidad de dinero. La primera publicaci\u00f3n&nbsp;de esta campa\u00f1a;&nbsp;inici\u00f3 a las 19:00 horas del d\u00eda 12 de noviembre. El primer apoyo de 100 pesos llego a las 20:00 hrs. El corte hasta este momento es este.&nbsp;$500, $150, $300, $500, $1,500, $30, $70, $549, $150,&nbsp;$300, $40, $200, $2,500, $6.00, $200, $30 y $57, siendo un total hasta este momento 13 de noviembre de 2024 a las 14:00 horas $7,112 pesos&nbsp;mexicanos.&nbsp;<\/p>\n\n\n\n<p>Agradecemos a cada uno de ustedes, tengo 70 mil seguidores en X, 70 mil en Facebook, 4 mil en IG, 17 mil en YouTube. Con un peso donado por alguno de ustedes, lograremos reunir lo necesario para darles dignidad a estos beb\u00e9s.&nbsp;Gracias.<\/p>\n\n\n\n<p>&nbsp;P.D. A diferencia de las historias que contamos en este espacio; estas columnas donde hablamos de estos peque\u00f1os son investigaciones y seguimientos que desde FridaGuerrera llevamos a cabo, la intenci\u00f3n siempre es buscar justicia, no publicamos sus rostros para que sean usados para revictimizarles, lo hacemos con todo el amor y respeto con el que siempre hemos realizado en nuestras redacciones.<\/p>\n\n\n\n<p>@FridaGuerrera<\/p>\n\n\n\n<p>@vocesDLAusencia<\/p>\n","protected":false},"excerpt":{"rendered":"<p>Ver\u00f3nica Villalvazo (Frida Guerrera) Voces de la Ausencia necesita de ti, sabemos que siempre podemos&hellip;<\/p>\n","protected":false},"author":2,"featured_media":69816,"comment_status":"closed","ping_status":"open","sticky":false,"template":"","format":"standard","meta":{"_lmt_disableupdate":"","_lmt_disable":"","_jetpack_memberships_contains_paid_content":false,"footnotes":""},"categories":[456,109],"tags":[946],"class_list":["post-74559","post","type-post","status-publish","format-standard","has-post-thumbnail","hentry","category-columna","category-minuto-a-minuto","tag-frida-guerrera"],"jetpack_featured_media_url":"https:\/\/zonaroja.com.mx\/wp-content\/uploads\/2024\/06\/Frida-Guerrera-Veronica-Villalvazo.jpg","jetpack_sharing_enabled":true,"_links":{"self":[{"href":"https:\/\/zonaroja.com.mx\/index.php?rest_route=\/wp\/v2\/posts\/74559","targetHints":{"allow":["GET"]}}],"collection":[{"href":"https:\/\/zonaroja.com.mx\/index.php?rest_route=\/wp\/v2\/posts"}],"about":[{"href":"https:\/\/zonaroja.com.mx\/index.php?rest_route=\/wp\/v2\/types\/post"}],"author":[{"embeddable":true,"href":"https:\/\/zonaroja.com.mx\/index.php?rest_route=\/wp\/v2\/users\/2"}],"replies":[{"embeddable":true,"href":"https:\/\/zonaroja.com.mx\/index.php?rest_route=%2Fwp%2Fv2%2Fcomments&post=74559"}],"version-history":[{"count":1,"href":"https:\/\/zonaroja.com.mx\/index.php?rest_route=\/wp\/v2\/posts\/74559\/revisions"}],"predecessor-version":[{"id":74560,"href":"https:\/\/zonaroja.com.mx\/index.php?rest_route=\/wp\/v2\/posts\/74559\/revisions\/74560"}],"wp:featuredmedia":[{"embeddable":true,"href":"https:\/\/zonaroja.com.mx\/index.php?rest_route=\/wp\/v2\/media\/69816"}],"wp:attachment":[{"href":"https:\/\/zonaroja.com.mx\/index.php?rest_route=%2Fwp%2Fv2%2Fmedia&parent=74559"}],"wp:term":[{"taxonomy":"category","embeddable":true,"href":"https:\/\/zonaroja.com.mx\/index.php?rest_route=%2Fwp%2Fv2%2Fcategories&post=74559"},{"taxonomy":"post_tag","embeddable":true,"href":"https:\/\/zonaroja.com.mx\/index.php?rest_route=%2Fwp%2Fv2%2Ftags&post=74559"}],"curies":[{"name":"wp","href":"https:\/\/api.w.org\/{rel}","templated":true}]}}