{"id":74564,"date":"2024-11-16T19:53:14","date_gmt":"2024-11-17T01:53:14","guid":{"rendered":"https:\/\/zonaroja.com.mx\/?p=74564"},"modified":"2024-11-16T19:53:16","modified_gmt":"2024-11-17T01:53:16","slug":"explota-violencia-este-sabado-tres-asesinados-en-el-istmo-uno-en-valles-y-uno-en-mixteca","status":"publish","type":"post","link":"https:\/\/zonaroja.com.mx\/?p=74564","title":{"rendered":"Explota violencia este s\u00e1bado: tres asesinados en el Istmo, uno en Valles y uno en Mixteca"},"content":{"rendered":"\n<p>Raymundo Morales\/Zona Roja.<\/p>\n\n\n\n<p>Oaxaca de Ju\u00e1rez, Oax., a 16 de noviembre de 2024.- Al menos cinco personas fueron asesinadas este s\u00e1bado en Oaxaca, en hechos distintos ocurridos en las regiones Istmo, Valles Centrales y Mixteca.<\/p>\n\n\n\n<p>Un d\u00eda despu\u00e9s de la visita del gobernador Salom\u00f3n Jara Cruz a Juchit\u00e1n de Zaragoza, donde rindi\u00f3 su tercer informe de gobierno, se registraron al menos dos cr\u00edmenes.<\/p>\n\n\n\n<p>Uno de ellos ocurri\u00f3 a un costado de la carretera Panamericana tramo La Venta-La Ventosa, donde ejecutaron a balazos a un individuo a bordo de su unidad de motor, que qued\u00f3 a\u00fan con el motor encendido.<\/p>\n\n\n\n<p>Pocas horas despu\u00e9s, en el paraje \u201cSanta Cruz\u201d de Juchit\u00e1n fue localizado un cuerpo sin vida, con m\u00faltiples impactos de bala, y un arma de grueso calibre a un costado.<\/p>\n\n\n\n<p>Se presume que la v\u00edctima particip\u00f3 en un enfrentamiento entre grupos delictivos y ah\u00ed qued\u00f3 abatido; de manera preliminar se inform\u00f3 que respondi\u00f3 al nombre de Mariano \u201cN\u201d.<\/p>\n\n\n\n<p>Tambi\u00e9n por la ma\u00f1ana de hoy pero en Santo Domingo Tehuantepec, fue hallado un cad\u00e1ver, al parecer de una persona del sexo femenino.<\/p>\n\n\n\n<p>Fue encontrado en un canal de riego a la altura de la colonia El Jord\u00e1n y hasta el momento la v\u00edctima a\u00fan no ha sido identificada.<\/p>\n\n\n\n<p>Mientras tanto, tambi\u00e9n la ma\u00f1ana de hoy, en jurisdicci\u00f3n de Santa Cruz Xoxocotl\u00e1n fue hallado un veh\u00edculo calcinado y al menos un cuerpo humano en su interior.<\/p>\n\n\n\n<p>Se localiz\u00f3 en inmediaciones de la agencia de San Antonio Arrazola y debido al grado de calcinaci\u00f3n, la v\u00edctima a\u00fan no ha sido identificada.<\/p>\n\n\n\n<p>Mientras tanto, en un basurero de Huajuapan de Le\u00f3n, fueron encontrados restos humanos, en el interior de bolsas de pl\u00e1stico.<\/p>\n\n\n\n<p>El hallazgo lo confirm\u00f3 el ayuntamiento de esa municipalidad de la regi\u00f3n Mixteca y a\u00fan se desconoce a qui\u00e9n corresponden.<\/p>\n\n\n\n<p>Mientras que alrededor de las 02:30 horas se registr\u00f3 una agresi\u00f3n armada en el bar \u201cLa Farola\u201d, que se ubica en la esquina de Reforma y Murgu\u00eda, en el Centro Hist\u00f3rico de la ciudad de Oaxaca.<\/p>\n\n\n\n<p>Dos mujeres resultaron lesionadas y fueron identificadas como Perlita, de 36 a\u00f1os de edad, y Sandra, de 32 a\u00f1os, ambas empleadas del establecimiento; el autor del ataque fue identificado pero no detenido.<\/p>\n","protected":false},"excerpt":{"rendered":"<p>Raymundo Morales\/Zona Roja. Oaxaca de Ju\u00e1rez, Oax., a 16 de noviembre de 2024.- Al menos&hellip;<\/p>\n","protected":false},"author":2,"featured_media":74565,"comment_status":"closed","ping_status":"open","sticky":false,"template":"","format":"standard","meta":{"_lmt_disableupdate":"","_lmt_disable":"","_jetpack_memberships_contains_paid_content":false,"footnotes":""},"categories":[109,51],"tags":[297],"class_list":["post-74564","post","type-post","status-publish","format-standard","has-post-thumbnail","hentry","category-minuto-a-minuto","category-zona-roja","tag-ejecutado-juchitan"],"jetpack_featured_media_url":"https:\/\/zonaroja.com.mx\/wp-content\/uploads\/2024\/11\/Asesinados-sabado-16-de-noviembre-Oaxaca.jpg","jetpack_sharing_enabled":true,"_links":{"self":[{"href":"https:\/\/zonaroja.com.mx\/index.php?rest_route=\/wp\/v2\/posts\/74564","targetHints":{"allow":["GET"]}}],"collection":[{"href":"https:\/\/zonaroja.com.mx\/index.php?rest_route=\/wp\/v2\/posts"}],"about":[{"href":"https:\/\/zonaroja.com.mx\/index.php?rest_route=\/wp\/v2\/types\/post"}],"author":[{"embeddable":true,"href":"https:\/\/zonaroja.com.mx\/index.php?rest_route=\/wp\/v2\/users\/2"}],"replies":[{"embeddable":true,"href":"https:\/\/zonaroja.com.mx\/index.php?rest_route=%2Fwp%2Fv2%2Fcomments&post=74564"}],"version-history":[{"count":1,"href":"https:\/\/zonaroja.com.mx\/index.php?rest_route=\/wp\/v2\/posts\/74564\/revisions"}],"predecessor-version":[{"id":74566,"href":"https:\/\/zonaroja.com.mx\/index.php?rest_route=\/wp\/v2\/posts\/74564\/revisions\/74566"}],"wp:featuredmedia":[{"embeddable":true,"href":"https:\/\/zonaroja.com.mx\/index.php?rest_route=\/wp\/v2\/media\/74565"}],"wp:attachment":[{"href":"https:\/\/zonaroja.com.mx\/index.php?rest_route=%2Fwp%2Fv2%2Fmedia&parent=74564"}],"wp:term":[{"taxonomy":"category","embeddable":true,"href":"https:\/\/zonaroja.com.mx\/index.php?rest_route=%2Fwp%2Fv2%2Fcategories&post=74564"},{"taxonomy":"post_tag","embeddable":true,"href":"https:\/\/zonaroja.com.mx\/index.php?rest_route=%2Fwp%2Fv2%2Ftags&post=74564"}],"curies":[{"name":"wp","href":"https:\/\/api.w.org\/{rel}","templated":true}]}}