{"id":74567,"date":"2024-11-17T07:54:00","date_gmt":"2024-11-17T13:54:00","guid":{"rendered":"https:\/\/zonaroja.com.mx\/?p=74567"},"modified":"2024-11-17T06:55:39","modified_gmt":"2024-11-17T12:55:39","slug":"fiscalias-de-oaxaca-y-de-hidalgo-logran-pena-de-40-anos-para-homicida","status":"publish","type":"post","link":"https:\/\/zonaroja.com.mx\/?p=74567","title":{"rendered":"Fiscal\u00edas de Oaxaca y de Hidalgo logran pena de 40 a\u00f1os para homicida"},"content":{"rendered":"\n<p>Redacci\u00f3n\/Zona Roja.<\/p>\n\n\n\n<p>Oaxaca de Ju\u00e1rez, Oax., a 17 de noviembre de 2024.- Derivado de la colaboraci\u00f3n interinstitucional con el estado de Hidalgo, la Fiscal\u00eda General del Estado de Oaxaca (FGEO) obtuvo una sentencia condenatoria de 40 a\u00f1os de prisi\u00f3n en contra de una persona del sexo masculino identificada como Francisco C.P., por su responsabilidad en la comisi\u00f3n del delito de homicidio calificado en agravio de tres personas que se encontraban en un bar denominado \u00abEl Caballo Negro\u00bb en el estado de Hidalgo.<\/p>\n\n\n\n<p>Con el expediente penal del caso, los hechos ocurrieron el 23 de junio de 2019, en un bar denominado \u00abEl Caballo Negro\u00bb ubicado en el barrio Santa B\u00e1rbara del municipio de Huichapan en el estado de Hidalgo, donde una persona identificada como P.T.C.M., fue privada de la vida con disparo de arma de fuego y dos m\u00e1s con iniciales P.G.G. y C.V.S.H., fallecieron a consecuencia de quemaduras luego que dicho establecimiento fuera incendiado.<\/p>\n\n\n\n<p>La investigaci\u00f3n revela que el delito fue cometido por el imputado junto con un grupo de personas armadas que arribaron al lugar para privar de la vida a una persona y despu\u00e9s prender fuego al establecimiento.<\/p>\n\n\n\n<p>Ante los hechos, la FGEO qued\u00f3 a cargo del caso a trav\u00e9s de la Fiscal\u00eda Especializada para la Atenci\u00f3n a Delitos de Alto Impacto y gracias a las investigaciones logr\u00f3 obtener una orden de aprehensi\u00f3n y posteriormente, la detenci\u00f3n del hoy imputado para llevarlo a su proceso legal.<\/p>\n\n\n\n<p>Tras el desahogo de pruebas aportadas por la FGEO, durante el juicio el Juez que atiende la causa, dict\u00f3 sentencia condenatoria de 40 a\u00f1os de prisi\u00f3n contra Francisco C.P., por el delito de homicidio calificado, imponiendo adem\u00e1s una multa econ\u00f3mica y el pago por m\u00e1s de 500 mil pesos por concepto de reparaci\u00f3n del da\u00f1o.<\/p>\n\n\n\n<p>PRESUNTO VIOLADOR<\/p>\n\n\n\n<p>En otro caso, la Fiscal\u00eda de Oaxaca ejecut\u00f3 una orden de aprehensi\u00f3n en contra de una persona del sexo masculino identificada como E.M. o E.G., por el delito de Violaci\u00f3n Equiparada en agravio de una menor de edad, en hechos ocurridos en la regi\u00f3n del Istmo de Tehuantepec.<\/p>\n\n\n\n<p>Conforme a lo establecido en el expediente penal del caso, los hechos se suscitaron el 29 de febrero de 2020, cuando la v\u00edctima (una menor de edad cuya identidad est\u00e1 reservada por ley) caminaba por calles de la&nbsp; colonia Hugo Mayoral, perteneciente a Salina Cruz, lugar donde fue alcanzada y agredida sexualmente.<\/p>\n\n\n\n<p>Una vez que la FGEO tom\u00f3 conocimiento del caso derivado, atrajo las investigaciones a trav\u00e9s de la Vicefiscal\u00eda Regional del Istmo, logrando obtener una orden de aprehensi\u00f3n en contra de E.M. o E.G., la cual fue ejecutada por elementos de la Agencia Estatal de Investigaciones (AEI) por lo que fue presentado ante las autoridades competentes para su proceso legal correspondiente.<\/p>\n\n\n\n<p>NEG\u00d3 PENSI\u00d3N<\/p>\n\n\n\n<p>Adem\u00e1s, en otro expediente, la Fiscal\u00eda ejecut\u00f3 una orden de aprehensi\u00f3n en contra de una persona del sexo masculino identificada como O.A.C.G.., por el delito incumplimiento de obligaciones alimentarias.<\/p>\n\n\n\n<p>De acuerdo con el expediente penal del caso, el detenido habr\u00eda incumplido con las obligaciones impuestas por un Juez Familiar quien fij\u00f3 el pago de pensi\u00f3n alimentaria a favor de sus hijas, tres menores de edad.<\/p>\n\n\n\n<p>Derivado de la omisi\u00f3n al dar cumplimiento al mandato judicial, la FGEO a trav\u00e9s de la Vicefiscal\u00eda Regional del Istmo detuvo a O.A.C.G., en inmediaciones de la carretera federal 185 tramo Salina Cruz- Tehuantepec, para ponerlo a disposici\u00f3n de la autoridad competente.<\/p>\n","protected":false},"excerpt":{"rendered":"<p>Redacci\u00f3n\/Zona Roja. Oaxaca de Ju\u00e1rez, Oax., a 17 de noviembre de 2024.- Derivado de la&hellip;<\/p>\n","protected":false},"author":2,"featured_media":68512,"comment_status":"closed","ping_status":"open","sticky":false,"template":"","format":"standard","meta":{"_lmt_disableupdate":"","_lmt_disable":"","_jetpack_memberships_contains_paid_content":false,"footnotes":""},"categories":[109,46],"tags":[494],"class_list":["post-74567","post","type-post","status-publish","format-standard","has-post-thumbnail","hentry","category-minuto-a-minuto","category-zona-blanca","tag-fiscalia-general-del-estado-de-oaxaca"],"jetpack_featured_media_url":"https:\/\/zonaroja.com.mx\/wp-content\/uploads\/2024\/05\/prision-carcel-sentenciado.jpg","jetpack_sharing_enabled":true,"_links":{"self":[{"href":"https:\/\/zonaroja.com.mx\/index.php?rest_route=\/wp\/v2\/posts\/74567","targetHints":{"allow":["GET"]}}],"collection":[{"href":"https:\/\/zonaroja.com.mx\/index.php?rest_route=\/wp\/v2\/posts"}],"about":[{"href":"https:\/\/zonaroja.com.mx\/index.php?rest_route=\/wp\/v2\/types\/post"}],"author":[{"embeddable":true,"href":"https:\/\/zonaroja.com.mx\/index.php?rest_route=\/wp\/v2\/users\/2"}],"replies":[{"embeddable":true,"href":"https:\/\/zonaroja.com.mx\/index.php?rest_route=%2Fwp%2Fv2%2Fcomments&post=74567"}],"version-history":[{"count":1,"href":"https:\/\/zonaroja.com.mx\/index.php?rest_route=\/wp\/v2\/posts\/74567\/revisions"}],"predecessor-version":[{"id":74568,"href":"https:\/\/zonaroja.com.mx\/index.php?rest_route=\/wp\/v2\/posts\/74567\/revisions\/74568"}],"wp:featuredmedia":[{"embeddable":true,"href":"https:\/\/zonaroja.com.mx\/index.php?rest_route=\/wp\/v2\/media\/68512"}],"wp:attachment":[{"href":"https:\/\/zonaroja.com.mx\/index.php?rest_route=%2Fwp%2Fv2%2Fmedia&parent=74567"}],"wp:term":[{"taxonomy":"category","embeddable":true,"href":"https:\/\/zonaroja.com.mx\/index.php?rest_route=%2Fwp%2Fv2%2Fcategories&post=74567"},{"taxonomy":"post_tag","embeddable":true,"href":"https:\/\/zonaroja.com.mx\/index.php?rest_route=%2Fwp%2Fv2%2Ftags&post=74567"}],"curies":[{"name":"wp","href":"https:\/\/api.w.org\/{rel}","templated":true}]}}