{"id":74586,"date":"2024-11-17T13:30:00","date_gmt":"2024-11-17T19:30:00","guid":{"rendered":"https:\/\/zonaroja.com.mx\/?p=74586"},"modified":"2024-11-17T07:31:37","modified_gmt":"2024-11-17T13:31:37","slug":"noventa-y-nueve-policias-de-culiacan-se-niegan-a-aplicar-examenes-de-control-de-confianza","status":"publish","type":"post","link":"https:\/\/zonaroja.com.mx\/?p=74586","title":{"rendered":"Noventa y nueve polic\u00edas de Culiac\u00e1n se niegan a aplicar ex\u00e1menes de control de confianza"},"content":{"rendered":"\n<p>Redacci\u00f3n\/Zona Roja Cdmx.<\/p>\n\n\n\n<p>Ciudad de M\u00e9xico, a 17 de noviembre de 2024.- Gerardo M\u00e9rida S\u00e1nchez, secretario de Seguridad P\u00fablica de Sinaloa, detall\u00f3 que 99 polic\u00edas municipales de Culiac\u00e1n se han negado a participar en los ex\u00e1menes de control y confianza.<\/p>\n\n\n\n<p>El funcionario estatal recalc\u00f3 que en caso de que los polic\u00edas no presenten estos ex\u00e1menes o los reprueben, ser\u00e1n dados de baja de la corporaci\u00f3n.<\/p>\n\n\n\n<p>\u201cUna cosa es muy segura: es voluntad propia su salida, nadie ha sido presionado, a nadie se le ha pedido, su salida es voluntad propia\u201d, se\u00f1al\u00f3.<\/p>\n\n\n\n<p>M\u00e9rida S\u00e1nchez apunt\u00f3 que la aplicaci\u00f3n de los ex\u00e1menes de control y confianza iniciar\u00e1n el 20 de noviembre en la Ciudad de M\u00e9xico.<\/p>\n\n\n\n<p>Ser\u00e1n 750 polic\u00edas municipales los evaluados, y se est\u00e1 en espera de que la Secretar\u00eda de la Defensa Nacional confirme fechas en las que evaluar\u00e1 a otros 300 elementos.<\/p>\n\n\n\n<p>El 25 de septiembre, elementos del Ej\u00e9rcito mexicano se presentaron en la Secretaria de Seguridad P\u00fablica y Tr\u00e1nsito de Culiac\u00e1n, donde concentr\u00f3 a todo el personal para una revisi\u00f3n de su armamento.<\/p>\n\n\n\n<p>La revisi\u00f3n se prolong\u00f3 un mes, lo que dej\u00f3 a la capital de Sinaloa sin agentes municipales en medio de la ola de violencia que atraviesa la entidad, debido a la disputa entre facciones del narcotr\u00e1fico.<\/p>\n\n\n\n<p>(Con informaci\u00f3n de Sol de Culiac\u00e1n)<\/p>\n","protected":false},"excerpt":{"rendered":"<p>Redacci\u00f3n\/Zona Roja Cdmx. Ciudad de M\u00e9xico, a 17 de noviembre de 2024.- Gerardo M\u00e9rida S\u00e1nchez,&hellip;<\/p>\n","protected":false},"author":2,"featured_media":74587,"comment_status":"closed","ping_status":"open","sticky":false,"template":"","format":"standard","meta":{"_lmt_disableupdate":"","_lmt_disable":"","_jetpack_memberships_contains_paid_content":false,"footnotes":""},"categories":[109,47],"tags":[1335],"class_list":["post-74586","post","type-post","status-publish","format-standard","has-post-thumbnail","hentry","category-minuto-a-minuto","category-zona-gris","tag-culiacan-sinaloa"],"jetpack_featured_media_url":"https:\/\/zonaroja.com.mx\/wp-content\/uploads\/2024\/11\/Policia-municipal-Culiacan.jpg.avif","jetpack_sharing_enabled":true,"_links":{"self":[{"href":"https:\/\/zonaroja.com.mx\/index.php?rest_route=\/wp\/v2\/posts\/74586","targetHints":{"allow":["GET"]}}],"collection":[{"href":"https:\/\/zonaroja.com.mx\/index.php?rest_route=\/wp\/v2\/posts"}],"about":[{"href":"https:\/\/zonaroja.com.mx\/index.php?rest_route=\/wp\/v2\/types\/post"}],"author":[{"embeddable":true,"href":"https:\/\/zonaroja.com.mx\/index.php?rest_route=\/wp\/v2\/users\/2"}],"replies":[{"embeddable":true,"href":"https:\/\/zonaroja.com.mx\/index.php?rest_route=%2Fwp%2Fv2%2Fcomments&post=74586"}],"version-history":[{"count":1,"href":"https:\/\/zonaroja.com.mx\/index.php?rest_route=\/wp\/v2\/posts\/74586\/revisions"}],"predecessor-version":[{"id":74588,"href":"https:\/\/zonaroja.com.mx\/index.php?rest_route=\/wp\/v2\/posts\/74586\/revisions\/74588"}],"wp:featuredmedia":[{"embeddable":true,"href":"https:\/\/zonaroja.com.mx\/index.php?rest_route=\/wp\/v2\/media\/74587"}],"wp:attachment":[{"href":"https:\/\/zonaroja.com.mx\/index.php?rest_route=%2Fwp%2Fv2%2Fmedia&parent=74586"}],"wp:term":[{"taxonomy":"category","embeddable":true,"href":"https:\/\/zonaroja.com.mx\/index.php?rest_route=%2Fwp%2Fv2%2Fcategories&post=74586"},{"taxonomy":"post_tag","embeddable":true,"href":"https:\/\/zonaroja.com.mx\/index.php?rest_route=%2Fwp%2Fv2%2Ftags&post=74586"}],"curies":[{"name":"wp","href":"https:\/\/api.w.org\/{rel}","templated":true}]}}