{"id":74589,"date":"2024-11-17T19:32:30","date_gmt":"2024-11-18T01:32:30","guid":{"rendered":"https:\/\/zonaroja.com.mx\/?p=74589"},"modified":"2024-11-17T19:32:32","modified_gmt":"2024-11-18T01:32:32","slug":"detiene-fiscalia-a-uno-de-los-asaltantes-de-joyeria-en-oaxaca-capital","status":"publish","type":"post","link":"https:\/\/zonaroja.com.mx\/?p=74589","title":{"rendered":"Detiene Fiscal\u00eda a uno de los asaltantes de joyer\u00eda en Oaxaca capital"},"content":{"rendered":"\n<p>Raymundo Morales\/Zona Roja.&nbsp;<\/p>\n\n\n\n<p>Oaxaca de Ju\u00e1rez, Oax., a 17 de noviembre de 2024.- La Fiscal\u00eda General del Estado de Oaxaca detuvo a uno de los presuntos asaltantes de la joyer\u00eda \u201cJudith Arriaga\u201d, ubicada en el Centro Hist\u00f3rico de la ciudad de Oaxaca.<\/p>\n\n\n\n<p>De acuerdo con un comunicado, el aprehensi\u00f3n ocurri\u00f3 a menos de 72 horas despu\u00e9s de ocurrido el hecho y uno de los probables responsables fue identificado con las iniciales A. G. B., quien seg\u00fan los trabajos de inteligencia criminal , estar\u00eda vinculado al robo del pasado 13 de noviembre.<\/p>\n\n\n\n<p>Una vez que la Fiscal\u00eda de Oaxaca tuvo conocimiento del caso inici\u00f3 las investigaciones a trav\u00e9s de la Vicefiscal\u00eda de Valles Centrales, lo que permiti\u00f3 obtener informaci\u00f3n del imputado, quien fue detenido y posteriormente presentado ante la autoridad correspondiente para que se determine su situaci\u00f3n jur\u00eddica.&nbsp;<\/p>\n\n\n\n<p>A\u00f1adi\u00f3 que el empleo de protocolos y t\u00e9cnicas cient\u00edficas acompa\u00f1adas de trabajos de inteligencia criminal, permitieron encontrar indicios de que A. G. B. tiene un grado de responsabilidad en la comisi\u00f3n del asalto cometido en el establecimiento ubicado en el Andador Tur\u00edstico.&nbsp;<\/p>\n\n\n\n<p>Entre las pertenencias aseguradas al detenido encontraron aditamentos presumiblemente usados para perpetrar el crimen.<\/p>\n\n\n\n<p>Adem\u00e1s, que la instituci\u00f3n logr\u00f3 establecer el \u201cmodus operandi\u201d de una banda delictiva dedicada al asalto de establecimientos y casa-habitaci\u00f3n, por lo que las investigaciones ministeriales se ampliaron para dar con el paradero de los dem\u00e1s responsables<\/p>\n\n\n\n<p>La Fiscal\u00eda General del Estado de Oaxaca contin\u00faa realizando las indagatorias para establecer l\u00edneas de investigaci\u00f3n s\u00f3lidas que permitan dar con quien o quienes resulten responsables de los delitos y con ello garantizar procesos de procuraci\u00f3n adecuados a las v\u00edctimas.<\/p>\n","protected":false},"excerpt":{"rendered":"<p>Raymundo Morales\/Zona Roja.&nbsp; Oaxaca de Ju\u00e1rez, Oax., a 17 de noviembre de 2024.- La Fiscal\u00eda&hellip;<\/p>\n","protected":false},"author":2,"featured_media":74590,"comment_status":"closed","ping_status":"open","sticky":false,"template":"","format":"standard","meta":{"_lmt_disableupdate":"","_lmt_disable":"","_jetpack_memberships_contains_paid_content":false,"footnotes":""},"categories":[109,46],"tags":[494],"class_list":["post-74589","post","type-post","status-publish","format-standard","has-post-thumbnail","hentry","category-minuto-a-minuto","category-zona-blanca","tag-fiscalia-general-del-estado-de-oaxaca"],"jetpack_featured_media_url":"https:\/\/zonaroja.com.mx\/wp-content\/uploads\/2024\/11\/Detenido-Fiscalia-joyeria-Judith-Arriaga.jpg","jetpack_sharing_enabled":true,"_links":{"self":[{"href":"https:\/\/zonaroja.com.mx\/index.php?rest_route=\/wp\/v2\/posts\/74589","targetHints":{"allow":["GET"]}}],"collection":[{"href":"https:\/\/zonaroja.com.mx\/index.php?rest_route=\/wp\/v2\/posts"}],"about":[{"href":"https:\/\/zonaroja.com.mx\/index.php?rest_route=\/wp\/v2\/types\/post"}],"author":[{"embeddable":true,"href":"https:\/\/zonaroja.com.mx\/index.php?rest_route=\/wp\/v2\/users\/2"}],"replies":[{"embeddable":true,"href":"https:\/\/zonaroja.com.mx\/index.php?rest_route=%2Fwp%2Fv2%2Fcomments&post=74589"}],"version-history":[{"count":1,"href":"https:\/\/zonaroja.com.mx\/index.php?rest_route=\/wp\/v2\/posts\/74589\/revisions"}],"predecessor-version":[{"id":74591,"href":"https:\/\/zonaroja.com.mx\/index.php?rest_route=\/wp\/v2\/posts\/74589\/revisions\/74591"}],"wp:featuredmedia":[{"embeddable":true,"href":"https:\/\/zonaroja.com.mx\/index.php?rest_route=\/wp\/v2\/media\/74590"}],"wp:attachment":[{"href":"https:\/\/zonaroja.com.mx\/index.php?rest_route=%2Fwp%2Fv2%2Fmedia&parent=74589"}],"wp:term":[{"taxonomy":"category","embeddable":true,"href":"https:\/\/zonaroja.com.mx\/index.php?rest_route=%2Fwp%2Fv2%2Fcategories&post=74589"},{"taxonomy":"post_tag","embeddable":true,"href":"https:\/\/zonaroja.com.mx\/index.php?rest_route=%2Fwp%2Fv2%2Ftags&post=74589"}],"curies":[{"name":"wp","href":"https:\/\/api.w.org\/{rel}","templated":true}]}}