{"id":7459,"date":"2020-01-08T22:37:03","date_gmt":"2020-01-09T04:37:03","guid":{"rendered":"http:\/\/www.zonaroja.com.mx\/?p=7459"},"modified":"2020-01-08T22:37:11","modified_gmt":"2020-01-09T04:37:11","slug":"dos-meses-despues-aun-no-hay-glosa-del-tercer-informe-de-gobierno","status":"publish","type":"post","link":"https:\/\/zonaroja.com.mx\/?p=7459","title":{"rendered":"Dos meses despu\u00e9s, a\u00fan no hay glosa del Tercer Informe de Gobierno"},"content":{"rendered":"\n<p>Ismael Garc\u00eda M.\/Zona Roja.<\/p>\n\n\n\n<p>San Raymundo Jalpan, Oax., 8 de enero\nde 2020.- Casi dos meses despu\u00e9s de la presentaci\u00f3n del Tercer Informe de\nGobierno, los funcionarios del gabinete de Alejandro Murat Hinojosa a\u00fan no\ncomparecen ante el pleno de la 64 Legislatura.<\/p>\n\n\n\n<p>Este mi\u00e9rcoles se realiz\u00f3 la primera\nsesi\u00f3n ordinaria del pleno de este a\u00f1o 2020, tras el receso de dos semanas por\nlas vacaciones decembrinas.<\/p>\n\n\n\n<p>Sin embargo, la discusi\u00f3n de la\npropuesta del calendario de comparecencias, no estuvo en la orden del d\u00eda.<\/p>\n\n\n\n<p>Al t\u00e9rmino de la asamblea de\nlegisladores, que dur\u00f3 alrededor de cuatro horas, el presidente de la Junta de\nCoordinaci\u00f3n Pol\u00edtica de la 64 Legislatura, Horacio Sosa Villavicencio,\nargument\u00f3 que \u201cles ganaron los tiempos\u201d.<\/p>\n\n\n\n<p>En entrevista colectiva, dijo que\nser\u00e1 la pr\u00f3xima semana en que se presente al pleno el orden de la presentaci\u00f3n\nde los funcionarios del gobierno estatal y ser\u00e1n todos ante el pleno.<\/p>\n\n\n\n<p>Asimismo, no se permitir\u00e1n porras ni\nbandas de m\u00fasica, como se estilaba anta\u00f1o y se exigir\u00e1 a los comparecientes que\nsus invitados guarden compostura durante la glosa del Tercer Informe de\nGobierno.<\/p>\n","protected":false},"excerpt":{"rendered":"<p>Ismael Garc\u00eda M.\/Zona Roja. San Raymundo Jalpan, Oax., 8 de enero de 2020.- Casi dos&hellip;<\/p>\n","protected":false},"author":2,"featured_media":7460,"comment_status":"closed","ping_status":"open","sticky":false,"template":"","format":"standard","meta":{"_lmt_disableupdate":"","_lmt_disable":"","_jetpack_memberships_contains_paid_content":false,"footnotes":""},"categories":[109,47],"tags":[213,444],"class_list":["post-7459","post","type-post","status-publish","format-standard","has-post-thumbnail","hentry","category-minuto-a-minuto","category-zona-gris","tag-64-legislatura-de-oaxaca","tag-horacio-sosa-villavicencio"],"jetpack_featured_media_url":"https:\/\/zonaroja.com.mx\/wp-content\/uploads\/2020\/01\/Horacio-Sosa.jpg","jetpack_sharing_enabled":true,"_links":{"self":[{"href":"https:\/\/zonaroja.com.mx\/index.php?rest_route=\/wp\/v2\/posts\/7459","targetHints":{"allow":["GET"]}}],"collection":[{"href":"https:\/\/zonaroja.com.mx\/index.php?rest_route=\/wp\/v2\/posts"}],"about":[{"href":"https:\/\/zonaroja.com.mx\/index.php?rest_route=\/wp\/v2\/types\/post"}],"author":[{"embeddable":true,"href":"https:\/\/zonaroja.com.mx\/index.php?rest_route=\/wp\/v2\/users\/2"}],"replies":[{"embeddable":true,"href":"https:\/\/zonaroja.com.mx\/index.php?rest_route=%2Fwp%2Fv2%2Fcomments&post=7459"}],"version-history":[{"count":1,"href":"https:\/\/zonaroja.com.mx\/index.php?rest_route=\/wp\/v2\/posts\/7459\/revisions"}],"predecessor-version":[{"id":7461,"href":"https:\/\/zonaroja.com.mx\/index.php?rest_route=\/wp\/v2\/posts\/7459\/revisions\/7461"}],"wp:featuredmedia":[{"embeddable":true,"href":"https:\/\/zonaroja.com.mx\/index.php?rest_route=\/wp\/v2\/media\/7460"}],"wp:attachment":[{"href":"https:\/\/zonaroja.com.mx\/index.php?rest_route=%2Fwp%2Fv2%2Fmedia&parent=7459"}],"wp:term":[{"taxonomy":"category","embeddable":true,"href":"https:\/\/zonaroja.com.mx\/index.php?rest_route=%2Fwp%2Fv2%2Fcategories&post=7459"},{"taxonomy":"post_tag","embeddable":true,"href":"https:\/\/zonaroja.com.mx\/index.php?rest_route=%2Fwp%2Fv2%2Ftags&post=7459"}],"curies":[{"name":"wp","href":"https:\/\/api.w.org\/{rel}","templated":true}]}}