{"id":74593,"date":"2024-11-17T20:43:48","date_gmt":"2024-11-18T02:43:48","guid":{"rendered":"https:\/\/zonaroja.com.mx\/?p=74593"},"modified":"2024-11-17T20:43:50","modified_gmt":"2024-11-18T02:43:50","slug":"el-crimen-cotidiano-en-el-istmo-ahora-fue-en-salina-cruz","status":"publish","type":"post","link":"https:\/\/zonaroja.com.mx\/?p=74593","title":{"rendered":"El crimen cotidiano en el Istmo: ahora fue en Salina Cruz"},"content":{"rendered":"\n<p>Raymundo Morales\/Zona Roja. Foto: ADN Sureste.<\/p>\n\n\n\n<p>Oaxaca de Ju\u00e1rez, Oax., a 17 de noviembre de 2024.- Ni en domingo hay tregua en la ola delictiva en la regi\u00f3n del Istmo de Tehuantepec.<\/p>\n\n\n\n<p>Este domingo una persona fue ejecutada a balazos en la colonia Soledad, del municipio de Salina Cruz y la v\u00edctima fue identificad como Vidal M.<\/p>\n\n\n\n<p>Los hechos ocurrieron la ma\u00f1ana de hoy en que sujetos armados acribillaron al hombre en una vivienda en la parte posterior de un taller mec\u00e1nico, ubicado en el callej\u00f3n Ju\u00e1rez.<\/p>\n\n\n\n<p>Param\u00e9dicos arribaron a la zona para brindarle los primeros auxilios, pero corroboraron que ya no contaba con signos vitales.<\/p>\n\n\n\n<p>Tras la llegada de corporaciones policiacas, fue acordonada la zona, mientras peritos y agentes de la Vicefiscal\u00eda Regional del Istmo realizaba las primeras indagatorias.<\/p>\n\n\n\n<p>Apenas ayer s\u00e1bado, se registraron al menos tres cr\u00edmenes, dos de ellos en Juchit\u00e1n de Zaragoza y uno m\u00e1s en Santo Domingo Tehuantepec, en este \u00faltimo caso, al parecer se trata de una persona del sexo femenino.<\/p>\n","protected":false},"excerpt":{"rendered":"<p>Raymundo Morales\/Zona Roja. Foto: ADN Sureste. Oaxaca de Ju\u00e1rez, Oax., a 17 de noviembre de&hellip;<\/p>\n","protected":false},"author":2,"featured_media":74594,"comment_status":"closed","ping_status":"open","sticky":false,"template":"","format":"standard","meta":{"_lmt_disableupdate":"","_lmt_disable":"","_jetpack_memberships_contains_paid_content":false,"footnotes":""},"categories":[109,51],"tags":[1542],"class_list":["post-74593","post","type-post","status-publish","format-standard","has-post-thumbnail","hentry","category-minuto-a-minuto","category-zona-roja","tag-ejecutado-en-salina-cruz"],"jetpack_featured_media_url":"https:\/\/zonaroja.com.mx\/wp-content\/uploads\/2024\/11\/Asesinado-Salina-Cruz.jpeg","jetpack_sharing_enabled":true,"_links":{"self":[{"href":"https:\/\/zonaroja.com.mx\/index.php?rest_route=\/wp\/v2\/posts\/74593","targetHints":{"allow":["GET"]}}],"collection":[{"href":"https:\/\/zonaroja.com.mx\/index.php?rest_route=\/wp\/v2\/posts"}],"about":[{"href":"https:\/\/zonaroja.com.mx\/index.php?rest_route=\/wp\/v2\/types\/post"}],"author":[{"embeddable":true,"href":"https:\/\/zonaroja.com.mx\/index.php?rest_route=\/wp\/v2\/users\/2"}],"replies":[{"embeddable":true,"href":"https:\/\/zonaroja.com.mx\/index.php?rest_route=%2Fwp%2Fv2%2Fcomments&post=74593"}],"version-history":[{"count":1,"href":"https:\/\/zonaroja.com.mx\/index.php?rest_route=\/wp\/v2\/posts\/74593\/revisions"}],"predecessor-version":[{"id":74595,"href":"https:\/\/zonaroja.com.mx\/index.php?rest_route=\/wp\/v2\/posts\/74593\/revisions\/74595"}],"wp:featuredmedia":[{"embeddable":true,"href":"https:\/\/zonaroja.com.mx\/index.php?rest_route=\/wp\/v2\/media\/74594"}],"wp:attachment":[{"href":"https:\/\/zonaroja.com.mx\/index.php?rest_route=%2Fwp%2Fv2%2Fmedia&parent=74593"}],"wp:term":[{"taxonomy":"category","embeddable":true,"href":"https:\/\/zonaroja.com.mx\/index.php?rest_route=%2Fwp%2Fv2%2Fcategories&post=74593"},{"taxonomy":"post_tag","embeddable":true,"href":"https:\/\/zonaroja.com.mx\/index.php?rest_route=%2Fwp%2Fv2%2Ftags&post=74593"}],"curies":[{"name":"wp","href":"https:\/\/api.w.org\/{rel}","templated":true}]}}