{"id":74608,"date":"2024-11-18T10:05:39","date_gmt":"2024-11-18T16:05:39","guid":{"rendered":"https:\/\/zonaroja.com.mx\/?p=74608"},"modified":"2024-11-18T10:05:40","modified_gmt":"2024-11-18T16:05:40","slug":"opinion-legisladores-desconocidos-ausentes-y-dormilones","status":"publish","type":"post","link":"https:\/\/zonaroja.com.mx\/?p=74608","title":{"rendered":"Opini\u00f3n. Legisladores desconocidos, ausentes y dormilones"},"content":{"rendered":"\n<p>Ismael Garc\u00eda M.\/Zona Roja.<\/p>\n\n\n\n<p>Oaxaca de Ju\u00e1rez, Oax., a 18 de noviembre de 2024.- \u00bfC\u00f3mo se enterar\u00eda usted de la existencia de los diputados federales de Oaxaca? \u00bfAcaso por su labor legislativa? \u00bfY cu\u00e1ntos son? Pero sobre todo, \u00bfqu\u00e9 hacen por el estado?<\/p>\n\n\n\n<p>Lamentablemente, a nivel nacional e incluso internacional, Oaxaca retumb\u00f3 en los medios informativos la semana pasada por una legisladora que se durmi\u00f3 en plena sesi\u00f3n.<\/p>\n\n\n\n<p>Se trata de Herminia L\u00f3pez Santiago, diputada plurinominal, cuya fotograf\u00eda recorri\u00f3 el mundo digital e impreso tomando una siesta en su curul de la C\u00e1mara de Diputados federal.<\/p>\n\n\n\n<p>La originaria de Santiago Tlazoyaltepec argument\u00f3 despu\u00e9s que se sinti\u00f3 mal por eso dormit\u00f3 a un momento\u2026 aunque no solicit\u00f3 el servicio m\u00e9dico o el apoyo de un botiqu\u00edn, que se supone existe en el recinto legislativo.<\/p>\n\n\n\n<p>Pero s\u00f3lo as\u00ed reson\u00f3 el nombre de Oaxaca, porque del quehacer de las y los diputados, nadie sabe nada.<\/p>\n\n\n\n<p>LOS QUE EST\u00c1N<\/p>\n\n\n\n<p>Por si no sab\u00eda, la entidad oaxaque\u00f1a tiene el mayor n\u00famero de diputadas y diputados de la historia; son 10 por mayor\u00eda relativa y 10 por representaci\u00f3n proporcional, quienes iniciaron funciones el 1 de septiembre pasado.<\/p>\n\n\n\n<p>Y en este \u00faltimo caso, hay incluso gente ajena a Oaxaca, por la v\u00eda plurinominal, como es el caso de Julio Javier Scherer Parey\u00f3n, hijo ni m\u00e1s ni menos de Julio Scherer y Nora Parey\u00f3n, esta \u00faltima funcionaria en el sexenio de Gabino Cu\u00e9 Monteagudo.<\/p>\n\n\n\n<p>Uno de los que viven, literalmente, del erario legislativo, es Carol Antonio Altamirano, diputado en varias ocasiones que en absoluto ha hecho nada por su regi\u00f3n, el Istmo de Tehuantepec; en la mayor\u00eda de los casos ha sido designado por la v\u00eda plurinominal y hoy vuelve a la curul que se niega a dejar; nadie sabe ni conoce cada cu\u00e1ndo regresa a su curul el ex perredista.<\/p>\n\n\n\n<p>De Morena son 13 y muchos nombres repetidos, como Mar\u00eda del Carmen Bautista Pel\u00e1ez, Irma Juan Carlos, la famosa Herminia L\u00f3pez, Gloria L\u00f3pez S\u00e1nchez, Aciel Sibaja Mendoza, M\u00edriam de los \u00c1ngeles V\u00e1squez.<\/p>\n\n\n\n<p>La ex priista Mariana Ben\u00edtez Tiburcio; la joven Naty Jim\u00e9nez, primeriza que se olvid\u00f3 muy temprano de la vestimenta tradicional, apenas inici\u00f3 su cargo; la activista afro Rosa Mar\u00eda Castro Salinas; el ex priista Carmelo Cruz Mendoza y Luz Mar\u00eda Rodr\u00edguez P\u00e9rez.<\/p>\n\n\n\n<p>Del PVEM van los ex priistas Alejandro Avil\u00e9s y Ra\u00fal Bola\u00f1os Cacho Cu\u00e9, as\u00ed como el hijo de Julio Scherer.<\/p>\n\n\n\n<p>Por el PT repiten Margarita Garc\u00eda, por tercera ocasi\u00f3n, y Maribel Mart\u00ednez, por segunda ocasi\u00f3n y es esposa de Benjam\u00edn Robles; van tambi\u00e9n Jos\u00e9 Alejandro L\u00f3pez S\u00e1nchez y Martha Aracely Cruz Jim\u00e9nez.<\/p>\n\n\n\n<p>De Movimiento Ciudadano, Mar\u00eda de F\u00e1tima Garc\u00eda Le\u00f3n.&nbsp;<\/p>\n\n\n\n<p>Ese es el cuadro de oaxaque\u00f1os que en su mayor\u00eda s\u00f3lo se aparecen para tomarse la foto con el gobernante y la gente, pero no para&nbsp; legislar, que es su principal funci\u00f3n.&nbsp;<\/p>\n\n\n\n<p>Eso s\u00ed, prometen obras y servicios pero como rentabilidad electoral, no como parte de su labor legislativa.<\/p>\n\n\n\n<p>\u201cDE TERRITORIO\u201d<\/p>\n\n\n\n<p>Apenas el pasado 14 de noviembre, la Presidenta Claudia Sheinbaum recibi\u00f3 a diputados y senadores en Palacio Nacional.<\/p>\n\n\n\n<p>Y el llamado fue directo: continuar con presencia en distritos y entidades por las que fueron electos.<\/p>\n\n\n\n<p>\u201cLos quiero ver en sus territorios (\u2026) es un b\u00e1lsamo\u201d, les dijo a los morenistas, en reproche por no regresar al terru\u00f1o que les dio el voto.<\/p>\n\n\n\n<p>Como fue a puerta cerrada y con celulares apagados, s\u00f3lo se sabe lo que han declarado los coordinadores parlamentarios.<\/p>\n\n\n\n<p>\u201cFue una reuni\u00f3n de convivencia, intercambio de opiniones, de ratificar el compromiso de seguir trabajando para que se consolide la Cuarta Transformaci\u00f3n. El tema (que se trat\u00f3 fue) lo que se ha avanzado en estos meses en el Congreso de la Uni\u00f3n\u201d, coment\u00f3 el senador Ad\u00e1n Augusto L\u00f3pez a su salida de Palacio Nacional.<\/p>\n\n\n\n<p>Tambi\u00e9n, el coordinador de los diputados de Morena, Ricardo Monreal, comparti\u00f3 que fue una buena reuni\u00f3n en encuentro con la presidenta Claudia Sheinbaum, y en esta ella agradeci\u00f3 a los legisladores por las aprobaciones de las reformas.<\/p>\n\n\n\n<p>\u201cFue una buena reuni\u00f3n, la verdad es que es un est\u00edmulo de la Presidenta, ella ha sido una mujer muy atenta, muy cort\u00e9s y ahora nos invit\u00f3 para saludarla, fue un reencuentro porque ten\u00eda d\u00edas que no la ve\u00edamos muchos legisladores\u201d, dijo, de acuerdo con una nota informativa del diario \u201c24 Horas\u201d.<\/p>\n\n\n\n<p>Indudablemente que las y los legisladores que conforman el Congreso de la Uni\u00f3n har\u00e1n caso a su Presidenta y regresar\u00e1n a \u201cterritorio\u201d, pero\u2026<\/p>\n\n\n\n<p>\u00bfCUMPLIR\u00c1N?<\/p>\n\n\n\n<p>Regresar\u00e1n a territorio s\u00f3lo para seguir con su din\u00e1mica electoral, haya o no elecciones en puerta.<\/p>\n\n\n\n<p>Lamentablemente, a nivel estatal como federal, el Poder Legislativo ya es s\u00f3lo un ap\u00e9ndice del Ejecutivo y har\u00e1n s\u00f3lo lo que indique la mandataria mexicana, o su antecesor en el cargo.<\/p>\n\n\n\n<p>En M\u00e9xico, como en Oaxaca, se ha perdido la independencia y las y los morenistas como sus aliados s\u00f3lo estar\u00e1n atentos a cumplir las \u00f3rdenes que les den desde el Poder Ejecutivo.<\/p>\n\n\n\n<p>Sin siquiera revisar las iniciativas \u2014y se han hecho p\u00fablicos varios errores tanto de procedimiento como de forma\u2014 alzan la mano al momento que les digan; compran o se dejan comprar para alcanzar mayor\u00edas aplastantes; dignidad, no la conocen.<\/p>\n\n\n\n<p>La muestra son las cerca de 50 reformas que han aprobado en los primeros dos meses, conforme al mandato de la 4T, no conforme a las necesidades de los mexicanos.<\/p>\n\n\n\n<p>Y claro que ahora s\u00ed regresar\u00e1n a sus terru\u00f1os, los que fueron electos por votaci\u00f3n, pero no para escuchar las voces de la gente y las necesidades legislativas, sino para tener cautivos a los votantes.<\/p>\n","protected":false},"excerpt":{"rendered":"<p>Ismael Garc\u00eda M.\/Zona Roja. Oaxaca de Ju\u00e1rez, Oax., a 18 de noviembre de 2024.- \u00bfC\u00f3mo&hellip;<\/p>\n","protected":false},"author":2,"featured_media":67764,"comment_status":"closed","ping_status":"open","sticky":false,"template":"","format":"standard","meta":{"_lmt_disableupdate":"","_lmt_disable":"","_jetpack_memberships_contains_paid_content":false,"footnotes":""},"categories":[456,109,48],"tags":[1353],"class_list":["post-74608","post","type-post","status-publish","format-standard","has-post-thumbnail","hentry","category-columna","category-minuto-a-minuto","category-zona-critica","tag-opinion-zona-critica"],"jetpack_featured_media_url":"https:\/\/zonaroja.com.mx\/wp-content\/uploads\/2024\/04\/Opinion-Zona-Roja-Ismael-Garcia.jpg","jetpack_sharing_enabled":true,"_links":{"self":[{"href":"https:\/\/zonaroja.com.mx\/index.php?rest_route=\/wp\/v2\/posts\/74608","targetHints":{"allow":["GET"]}}],"collection":[{"href":"https:\/\/zonaroja.com.mx\/index.php?rest_route=\/wp\/v2\/posts"}],"about":[{"href":"https:\/\/zonaroja.com.mx\/index.php?rest_route=\/wp\/v2\/types\/post"}],"author":[{"embeddable":true,"href":"https:\/\/zonaroja.com.mx\/index.php?rest_route=\/wp\/v2\/users\/2"}],"replies":[{"embeddable":true,"href":"https:\/\/zonaroja.com.mx\/index.php?rest_route=%2Fwp%2Fv2%2Fcomments&post=74608"}],"version-history":[{"count":1,"href":"https:\/\/zonaroja.com.mx\/index.php?rest_route=\/wp\/v2\/posts\/74608\/revisions"}],"predecessor-version":[{"id":74609,"href":"https:\/\/zonaroja.com.mx\/index.php?rest_route=\/wp\/v2\/posts\/74608\/revisions\/74609"}],"wp:featuredmedia":[{"embeddable":true,"href":"https:\/\/zonaroja.com.mx\/index.php?rest_route=\/wp\/v2\/media\/67764"}],"wp:attachment":[{"href":"https:\/\/zonaroja.com.mx\/index.php?rest_route=%2Fwp%2Fv2%2Fmedia&parent=74608"}],"wp:term":[{"taxonomy":"category","embeddable":true,"href":"https:\/\/zonaroja.com.mx\/index.php?rest_route=%2Fwp%2Fv2%2Fcategories&post=74608"},{"taxonomy":"post_tag","embeddable":true,"href":"https:\/\/zonaroja.com.mx\/index.php?rest_route=%2Fwp%2Fv2%2Ftags&post=74608"}],"curies":[{"name":"wp","href":"https:\/\/api.w.org\/{rel}","templated":true}]}}