{"id":74610,"date":"2024-11-18T12:30:00","date_gmt":"2024-11-18T18:30:00","guid":{"rendered":"https:\/\/zonaroja.com.mx\/?p=74610"},"modified":"2024-11-18T10:10:31","modified_gmt":"2024-11-18T16:10:31","slug":"reconocen-a-oaxaqueno-que-capacita-en-hospitales-en-lengua-mixteca","status":"publish","type":"post","link":"https:\/\/zonaroja.com.mx\/?p=74610","title":{"rendered":"Reconocen a oaxaque\u00f1o que capacita en hospitales en lengua mixteca"},"content":{"rendered":"\n<p>Redacci\u00f3n\/Zona Roja.<\/p>\n\n\n\n<p>Oaxaca de Ju\u00e1rez, Oax., a 18 de noviembre de 2024.- Reynaldo L\u00f3pez, originario de Santiago Jamiltepec, Oaxaca, ha sido reconocido con el premio FAHHO-CaSa \u201cEmiliano Cruz\u201d en su quinta edici\u00f3n.&nbsp;<\/p>\n\n\n\n<p>Este promotor de la lengua tu\u2019\u00f9n savi (mixteco de la Costa) ha dedicado sus esfuerzos a capacitar al personal m\u00e9dico del Hospital Rural 35 de Santiago Jamiltepec para que puedan atender a sus pacientes en su lengua materna.<\/p>\n\n\n\n<p>\u201cMe siento muy agradecido con las personas que han cre\u00eddo en mi proyecto por el Tu\u2019\u00f9n savi. Este reconocimiento es una gran motivaci\u00f3n para seguir trabajando en la difusi\u00f3n, revitalizaci\u00f3n y conservaci\u00f3n de la lengua\u201d, coment\u00f3 L\u00f3pez de la Paz.<\/p>\n\n\n\n<p>Los talleres de tu\u2019\u00f9n savi impartidos por L\u00f3pez en el hospital rural no solo promueven la lengua, sino que tambi\u00e9n fomentan la inclusi\u00f3n y una comunicaci\u00f3n m\u00e1s efectiva con los pacientes, quienes en su mayor\u00eda son monoling\u00fces.&nbsp;<\/p>\n\n\n\n<p>Al permitir diagn\u00f3sticos m\u00e1s precisos y un trato digno, estos talleres contribuyen a mejorar la calidad de la atenci\u00f3n m\u00e9dica.<\/p>\n\n\n\n<p>Desde 2018, L\u00f3pez ha impartido talleres de lectoescritura en tu\u2019un savi y, en 2021, public\u00f3 el libro \u00abS\u00e1&#8217;an Tu&#8217;\u00f9n Savi \u00f1u\u00f9 C\u00e0s\u00e0nd\u00f3&#8217;\u00f2\u00bb (Lengua mixteca de Jamiltepec), el primer libro de gram\u00e1ticas pedag\u00f3gicas de esta lengua. Este recurso ha sido fundamental para quienes desean aprender a hablar y escribir en tu\u2019\u00f9n savi.<\/p>\n\n\n\n<p>El Premio FAHHO-CaSa Emiliano Cruz fue creado en memoria de Emiliano Cruz Santiago, un joven de San Bartolom\u00e9 Loxicha que, desde los 19 a\u00f1os, hasta su muerte repentina a los 29 a\u00f1os, se dedic\u00f3 a la documentaci\u00f3n, descripci\u00f3n y promoci\u00f3n de su lengua materna, el d\u00ed\u2019zd\u00e9h\u2019 (zapoteco miahuateco). El premio busca reconocer a personas que, como Cruz Santiago, promuevan sus lenguas de manera individual o colectiva por iniciativa propia.&nbsp;<\/p>\n\n\n\n<p>Para evaluar las nominaciones a este premio, se conform\u00f3 un jurado, compuesto por Rosemary Beam, Ana Cely Palma y Tom\u00e1s L\u00f3pez Sarabia, activistas en lenguas originarias.&nbsp;<\/p>\n\n\n\n<p>En esta quinta edici\u00f3n, se recibieron nominaciones de todo el pa\u00eds. Beam de Azcona, quien fue colaboradora cercana de Cruz Santiago, coment\u00f3 \u201cEmiliano Cruz fue una de las personas m\u00e1s inteligentes que he conocido pero lo que m\u00e1s me impresion\u00f3 fue la pasi\u00f3n que ten\u00eda por su lengua y la motivaci\u00f3n que ten\u00eda para defenderla y promoverla, y facilitar que sus hablantes la usaran en diversos contextos. Me da mucho gusto que su legado siga sirviendo como inspiraci\u00f3n para otras personas\u201d.<\/p>\n\n\n\n<p>\u201cTodos los ganadores del premio Emiliano Cruz me han impresionado a\u00f1o tras a\u00f1o con sus labores. En esta ocasi\u00f3n, el ganador de 2024 me record\u00f3 a Emiliano, por su habilidad de hacer conexiones entre diversas personas hablantes de lenguas Savi. El trabajo del ganador, resalt\u00f3 por el hecho de que, al igual que la Dra. Lourdes Mart\u00ednez, ganadora en 2022, se est\u00e1 esforzando para ayudar a que hablantes de lenguas originarias reciban una mejor atenci\u00f3n m\u00e9dica en sus propias lenguas\u201d, destac\u00f3.<\/p>\n\n\n\n<p>Daniel Brena, director del CaSa, coment\u00f3:&nbsp;\u201ceste reconocimiento es un testimonio del compromiso de Reynaldo L\u00f3pez de la Paz por mejorar la calidad de vida de los hablantes de tu&#8217;\u00f9n savi. Al facilitar el acceso a servicios de salud en su lengua materna, ha contribuido a una mayor equidad, bienestar social y al fortalecimiento del tu\u2019un savi. Agradezco a la Fundaci\u00f3n Alfredo Harp Hel\u00fa por hacer este premio posible\u201d.&nbsp;<\/p>\n\n\n\n<p>Desde 2020, la convocatoria al Premio FAHHO-CaSa Emiliano Cruz es emitida por el Centro de las Artes de San Agust\u00edn, en colaboraci\u00f3n con la Fundaci\u00f3n Alfredo Harp Hel\u00fa de Oaxaca, a trav\u00e9s de la Biblioteca de Investigaci\u00f3n Juan de C\u00f3rdova y la Asociaci\u00f3n Francisco Toledo A.C., otorgando un premio monetario de $30,000.00 (treinta mil pesos mexicanos), una obra gr\u00e1fica donada por el artista juchiteco Jos\u00e9 \u00c1ngel Santiago y un reconocimiento.<\/p>\n\n\n\n<p>La ceremonia de premiaci\u00f3n se llevar\u00e1 a cabo el mes de diciembre.<\/p>\n","protected":false},"excerpt":{"rendered":"<p>Redacci\u00f3n\/Zona Roja. Oaxaca de Ju\u00e1rez, Oax., a 18 de noviembre de 2024.- Reynaldo L\u00f3pez, originario&hellip;<\/p>\n","protected":false},"author":2,"featured_media":74426,"comment_status":"closed","ping_status":"open","sticky":false,"template":"","format":"standard","meta":{"_lmt_disableupdate":"","_lmt_disable":"","_jetpack_memberships_contains_paid_content":false,"footnotes":""},"categories":[109,46],"tags":[4114],"class_list":["post-74610","post","type-post","status-publish","format-standard","has-post-thumbnail","hentry","category-minuto-a-minuto","category-zona-blanca","tag-reynaldo-lopez"],"jetpack_featured_media_url":"https:\/\/zonaroja.com.mx\/wp-content\/uploads\/2024\/11\/Reynaldo-Lopez.jpg","jetpack_sharing_enabled":true,"_links":{"self":[{"href":"https:\/\/zonaroja.com.mx\/index.php?rest_route=\/wp\/v2\/posts\/74610","targetHints":{"allow":["GET"]}}],"collection":[{"href":"https:\/\/zonaroja.com.mx\/index.php?rest_route=\/wp\/v2\/posts"}],"about":[{"href":"https:\/\/zonaroja.com.mx\/index.php?rest_route=\/wp\/v2\/types\/post"}],"author":[{"embeddable":true,"href":"https:\/\/zonaroja.com.mx\/index.php?rest_route=\/wp\/v2\/users\/2"}],"replies":[{"embeddable":true,"href":"https:\/\/zonaroja.com.mx\/index.php?rest_route=%2Fwp%2Fv2%2Fcomments&post=74610"}],"version-history":[{"count":1,"href":"https:\/\/zonaroja.com.mx\/index.php?rest_route=\/wp\/v2\/posts\/74610\/revisions"}],"predecessor-version":[{"id":74611,"href":"https:\/\/zonaroja.com.mx\/index.php?rest_route=\/wp\/v2\/posts\/74610\/revisions\/74611"}],"wp:featuredmedia":[{"embeddable":true,"href":"https:\/\/zonaroja.com.mx\/index.php?rest_route=\/wp\/v2\/media\/74426"}],"wp:attachment":[{"href":"https:\/\/zonaroja.com.mx\/index.php?rest_route=%2Fwp%2Fv2%2Fmedia&parent=74610"}],"wp:term":[{"taxonomy":"category","embeddable":true,"href":"https:\/\/zonaroja.com.mx\/index.php?rest_route=%2Fwp%2Fv2%2Fcategories&post=74610"},{"taxonomy":"post_tag","embeddable":true,"href":"https:\/\/zonaroja.com.mx\/index.php?rest_route=%2Fwp%2Fv2%2Ftags&post=74610"}],"curies":[{"name":"wp","href":"https:\/\/api.w.org\/{rel}","templated":true}]}}