{"id":7462,"date":"2020-01-09T07:25:31","date_gmt":"2020-01-09T13:25:31","guid":{"rendered":"http:\/\/www.zonaroja.com.mx\/?p=7462"},"modified":"2020-01-09T07:25:36","modified_gmt":"2020-01-09T13:25:36","slug":"amplia-congreso-plazo-para-que-grandes-empresas-acaten-ley-antiplastico","status":"publish","type":"post","link":"https:\/\/zonaroja.com.mx\/?p=7462","title":{"rendered":"Ampl\u00eda Congreso plazo para que grandes empresas acaten ley antipl\u00e1stico"},"content":{"rendered":"\n<p>Yuridiana Sosa\/Zona Roja.<\/p>\n\n\n\n<p>Oaxaca de Ju\u00e1rez, Oax., 9 de enero de\n2020.- A petici\u00f3n del sector empresarial de Oaxaca, la 64 Legislatura del\nCongreso de Oaxaca aprob\u00f3 extender por otros seis meses el plazo para\nimplementar la ley para la Prevenci\u00f3n y Gesti\u00f3n Integral de los Residuos S\u00f3lidos.<\/p>\n\n\n\n<p>Con 35 votos a favor, el pleno de la\n64 Legislatura decidi\u00f3 este mi\u00e9rcoles que ser\u00e1 hasta el mes de junio cuando las\ngrandes y medianas empresas en el estado se sometan a lo establecida por la\nley, presentada por legisladores del Partido Morena, encabezados por el\ndiputado Horacio Sosa Villavicencio.<\/p>\n\n\n\n<p>El plazo para las empresas venci\u00f3 el\npasado 23 de diciembre, con lo que ten\u00edan que sustituir la venta y uso de\nbotellas desechables de pl\u00e1stico, as\u00ed como art\u00edculos desechables de unicel.<\/p>\n\n\n\n<p>Ante esta restricci\u00f3n, las c\u00e1maras\nempresariales presentaron 16 amparos ante el congreso local contra dicha\naplicaci\u00f3n.<\/p>\n\n\n\n<p>El presidente de la Junta de\nCoordinaci\u00f3n Pol\u00edtica (JUCOPO), Horacio Sosa Villavicencio, anunci\u00f3 en d\u00edas\npasados la disposici\u00f3n del Congreso Local por atender la petici\u00f3n de los\nempresarios.<\/p>\n\n\n\n<p>En tanto, las peque\u00f1as y micro\nempresas tienen un plazo otorgado hasta el pr\u00f3ximo mes de junio, a un a\u00f1o de la\npublicaci\u00f3n del decreto, para prescindir del uso de pl\u00e1sticos y unicel de un\nsolo uno.<\/p>\n","protected":false},"excerpt":{"rendered":"<p>Yuridiana Sosa\/Zona Roja. Oaxaca de Ju\u00e1rez, Oax., 9 de enero de 2020.- A petici\u00f3n del&hellip;<\/p>\n","protected":false},"author":2,"featured_media":7286,"comment_status":"closed","ping_status":"open","sticky":false,"template":"","format":"standard","meta":{"_lmt_disableupdate":"","_lmt_disable":"","_jetpack_memberships_contains_paid_content":false,"footnotes":""},"categories":[109,52],"tags":[213,444],"class_list":["post-7462","post","type-post","status-publish","format-standard","has-post-thumbnail","hentry","category-minuto-a-minuto","category-zona-verde","tag-64-legislatura-de-oaxaca","tag-horacio-sosa-villavicencio"],"jetpack_featured_media_url":"https:\/\/zonaroja.com.mx\/wp-content\/uploads\/2020\/01\/pl\u00e1sticos.jpg","jetpack_sharing_enabled":true,"_links":{"self":[{"href":"https:\/\/zonaroja.com.mx\/index.php?rest_route=\/wp\/v2\/posts\/7462","targetHints":{"allow":["GET"]}}],"collection":[{"href":"https:\/\/zonaroja.com.mx\/index.php?rest_route=\/wp\/v2\/posts"}],"about":[{"href":"https:\/\/zonaroja.com.mx\/index.php?rest_route=\/wp\/v2\/types\/post"}],"author":[{"embeddable":true,"href":"https:\/\/zonaroja.com.mx\/index.php?rest_route=\/wp\/v2\/users\/2"}],"replies":[{"embeddable":true,"href":"https:\/\/zonaroja.com.mx\/index.php?rest_route=%2Fwp%2Fv2%2Fcomments&post=7462"}],"version-history":[{"count":1,"href":"https:\/\/zonaroja.com.mx\/index.php?rest_route=\/wp\/v2\/posts\/7462\/revisions"}],"predecessor-version":[{"id":7463,"href":"https:\/\/zonaroja.com.mx\/index.php?rest_route=\/wp\/v2\/posts\/7462\/revisions\/7463"}],"wp:featuredmedia":[{"embeddable":true,"href":"https:\/\/zonaroja.com.mx\/index.php?rest_route=\/wp\/v2\/media\/7286"}],"wp:attachment":[{"href":"https:\/\/zonaroja.com.mx\/index.php?rest_route=%2Fwp%2Fv2%2Fmedia&parent=7462"}],"wp:term":[{"taxonomy":"category","embeddable":true,"href":"https:\/\/zonaroja.com.mx\/index.php?rest_route=%2Fwp%2Fv2%2Fcategories&post=7462"},{"taxonomy":"post_tag","embeddable":true,"href":"https:\/\/zonaroja.com.mx\/index.php?rest_route=%2Fwp%2Fv2%2Ftags&post=7462"}],"curies":[{"name":"wp","href":"https:\/\/api.w.org\/{rel}","templated":true}]}}