{"id":74628,"date":"2024-11-19T09:30:00","date_gmt":"2024-11-19T15:30:00","guid":{"rendered":"https:\/\/zonaroja.com.mx\/?p=74628"},"modified":"2024-11-19T07:09:53","modified_gmt":"2024-11-19T13:09:53","slug":"en-el-marco-del-g20-claudia-sheinbaum-se-reune-con-lideres-mundiales","status":"publish","type":"post","link":"https:\/\/zonaroja.com.mx\/?p=74628","title":{"rendered":"En el marco del G20, Claudia Sheinbaum se re\u00fane con l\u00edderes mundiales"},"content":{"rendered":"\n<p>Redacci\u00f3n\/Zona Roja Cdmx.<\/p>\n\n\n\n<p>Ciudad de M\u00e9xico, a 19 de noviembre de 2024.- La presidenta Claudia Sheinbaum continuar\u00e1 en Brasil como parte de su participaci\u00f3n en la cumbre de l\u00edderes del G20 este lunes 18 de noviembre, donde se ha encontrado con hom\u00f3logos de diferentes pa\u00edses del mundo.<\/p>\n\n\n\n<p>En d\u00edas pasados, la mandataria mexicana dijo que buscar\u00eda avanzar en temas como igualdad de g\u00e9nero, desarrollo sustentable, digitalizaci\u00f3n, programas sociales y la alianza con Brasil (sede de la cumbre) para combatir la pobreza y el hambre.<\/p>\n\n\n\n<p>Durante su participaci\u00f3n en el G20, Claudia Sheinbaum destac\u00f3 programas que han funcionado en M\u00e9xico como \u2018Sembrando Vida\u2019, y propuso un fondo con el que los pa\u00edses del G20 destinen un 1 por ciento del gasto militar a la reforestaci\u00f3n.<\/p>\n\n\n\n<p>El objetivo es mitigar el calentamiento global, as\u00ed como recomponer el tejido social y capacitar a las personas de \u00e1reas rurales de todo el mundo para dejar de sembrar guerra y cambiar ello por la paz.<\/p>\n\n\n\n<p>Durante su participaci\u00f3n en la cumbre del G20, Claudia Sheinbaum ha tenido pl\u00e1ticas y encuentros con presidentes de algunos pa\u00edses aliados comerciales de M\u00e9xico.<\/p>\n\n\n\n<p>Estos son algunos encuentros registrados a lo largo del lunes 18 de noviembre:<\/p>\n\n\n\n<p>Posiblemente siendo una de las \u00faltimas reuniones con Joe Biden como presidente de Estados Unidos, Claudia Sheinbaum comparti\u00f3 que durante el encuentro hablaron sobre la importancia de trabajar juntos en materia de migraci\u00f3n, seguridad y econom\u00eda.<\/p>\n\n\n\n<figure class=\"wp-block-embed is-type-rich is-provider-twitter wp-block-embed-twitter\"><div class=\"wp-block-embed__wrapper\">\n<div class=\"twitter-tweet\"><blockquote class=\"twitter-tweet\" data-lang=\"es\"><p lang=\"es\" dir=\"ltr\">En el inicio de los trabajos del G20 Brasil 2024, resaltamos que el gasto en armas creci\u00f3 casi al triple que la econom\u00eda mundial en tan solo dos a\u00f1os; en cambio, 700 millones de familias a\u00fan viven por debajo de la l\u00ednea de la pobreza. <a href=\"https:\/\/t.co\/w0puHsSVVl\">pic.twitter.com\/w0puHsSVVl<\/a><\/p>&mdash; Claudia Sheinbaum Pardo (@Claudiashein) <a href=\"https:\/\/twitter.com\/Claudiashein\/status\/1858647573005037942?ref_src=twsrc%5Etfw\">18 de noviembre de 2024<\/a><\/blockquote><\/div>\n<\/div><\/figure>\n\n\n\n<p>Adem\u00e1s, recalcaron la amistad entre M\u00e9xico y Estados Unidos de cara al inicio del gobierno de Donald Trump, quien ha amenazado con aranceles y exigido el cierre de la frontera para contener a las personas migrantes.<\/p>\n\n\n\n<p>Biden felicit\u00f3 a Sheinbaum por su triunfo en las elecciones presidenciales del pasado 2 de junio. Adem\u00e1s, abordaron temas referentes a los empleos dignos.<\/p>\n\n\n\n<p>Otra reuni\u00f3n destacada es la ocurrida con el primer ministro de Canad\u00e1, Justin Trudeau. En ella, Sheinbaum abord\u00f3 el \u201cbuen resultado\u201d del T-MEC, donde colabora con dicho pa\u00eds en materia comercial.<\/p>\n\n\n\n<p>El encuentro ocurri\u00f3 en medio de pol\u00e9micas relacionadas a la propuesta de funcionarios canadienses por expulsar a M\u00e9xico del T-MEC por fortalecer sus relaciones comerciales con China.<\/p>\n\n\n\n<p>Xi Jinping<\/p>\n\n\n\n<p>El encuentro con el mandatario de China fue importante para Sheinbaum en materia de la relaci\u00f3n comercial que tienen ambos pa\u00edses y las restricciones que intentar\u00e1 implementar Donald Trump cuando asuma la Presidencia de Estados Unidos.<\/p>\n\n\n\n<p>Adem\u00e1s, Sheinbaum agradeci\u00f3 el apoyo de China para la recuperaci\u00f3n de Acapulco, Guerrero, ya que el gobierno de Xi Jinping colabor\u00f3 con la entrega de enseres dom\u00e9sticos.<\/p>\n\n\n\n<p>Lula da Silva<\/p>\n\n\n\n<p>El anfitri\u00f3n de la cumbre del G20 recibi\u00f3 a Sheinbaum, siendo este su primer encuentro tras la toma de posesi\u00f3n de la mandataria en octubre pasado.<\/p>\n\n\n\n<p>En este caso, Sheinbaum comparti\u00f3 una fotograf\u00eda en la que resalt\u00f3 la uni\u00f3n de Latinoam\u00e9rica. Cabe destacar que es posible que ambos pa\u00edses colaboren contra la pobreza.<\/p>\n\n\n\n<p>Gabriel Boric<\/p>\n\n\n\n<p>El presidente chileno apareci\u00f3 en la misma fotograf\u00eda con Sheinbaum y Da Silva, reflejo de la uni\u00f3n entre gobiernos de izquierda en la regi\u00f3n.<\/p>\n\n\n\n<p>Cabe destacar que Boric tambi\u00e9n estuvo en la toma de posesi\u00f3n de Claudia Sheinbaum en octubre pasado.<\/p>\n\n\n\n<p>Gustavo Petro<\/p>\n\n\n\n<p>Petro es otro de los acompa\u00f1antes en la foto con Sheinbaum, Lula da Silva y Boric, y uno de los que m\u00e1s ha celebrado la continuidad de la 4T en M\u00e9xico.<\/p>\n\n\n\n<p>El mandatario colombiano form\u00f3 parte de las pl\u00e1ticas de colaboraci\u00f3n conjunta para fortalecer la relaci\u00f3n entre pa\u00edses latinos. Adem\u00e1s, dijo que se habl\u00f3 sobre energ\u00edas limpias, prosperidad social, dignidad e igualdad.<\/p>\n\n\n\n<p>Pham Minh Chinh<\/p>\n\n\n\n<p>El primer ministro de Vietnam se sum\u00f3 a la lista de funcionarios que hablaron con Claudia Sheinbaum en la cumbre del G20.<\/p>\n\n\n\n<p>Cabe destacar que algunos funcionarios de pa\u00edses europeos u orientales con los que se espera que Sheinbaum y su delegaci\u00f3n tengan reuniones son Corea del Sur, India, Francia, Indonesia, Jap\u00f3n y el Reino Unido.<\/p>\n\n\n\n<p>Adem\u00e1s, se han compartido fotos de Claudia Sheinbaum con Emmanuel Macron, mandatario de Francia.<\/p>\n\n\n\n<p>(Informaci\u00f3n de \u201cEl Financiero\u201d)<\/p>\n","protected":false},"excerpt":{"rendered":"<p>Redacci\u00f3n\/Zona Roja Cdmx. Ciudad de M\u00e9xico, a 19 de noviembre de 2024.- La presidenta Claudia&hellip;<\/p>\n","protected":false},"author":2,"featured_media":74629,"comment_status":"closed","ping_status":"open","sticky":false,"template":"","format":"standard","meta":{"_lmt_disableupdate":"","_lmt_disable":"","_jetpack_memberships_contains_paid_content":false,"footnotes":""},"categories":[109,46],"tags":[3370],"class_list":["post-74628","post","type-post","status-publish","format-standard","has-post-thumbnail","hentry","category-minuto-a-minuto","category-zona-blanca","tag-claudia-sheinbaum"],"jetpack_featured_media_url":"https:\/\/zonaroja.com.mx\/wp-content\/uploads\/2024\/11\/Reunion-Claudia-Sheinbaum-G20-lideres-mundiales.jpg","jetpack_sharing_enabled":true,"_links":{"self":[{"href":"https:\/\/zonaroja.com.mx\/index.php?rest_route=\/wp\/v2\/posts\/74628","targetHints":{"allow":["GET"]}}],"collection":[{"href":"https:\/\/zonaroja.com.mx\/index.php?rest_route=\/wp\/v2\/posts"}],"about":[{"href":"https:\/\/zonaroja.com.mx\/index.php?rest_route=\/wp\/v2\/types\/post"}],"author":[{"embeddable":true,"href":"https:\/\/zonaroja.com.mx\/index.php?rest_route=\/wp\/v2\/users\/2"}],"replies":[{"embeddable":true,"href":"https:\/\/zonaroja.com.mx\/index.php?rest_route=%2Fwp%2Fv2%2Fcomments&post=74628"}],"version-history":[{"count":1,"href":"https:\/\/zonaroja.com.mx\/index.php?rest_route=\/wp\/v2\/posts\/74628\/revisions"}],"predecessor-version":[{"id":74630,"href":"https:\/\/zonaroja.com.mx\/index.php?rest_route=\/wp\/v2\/posts\/74628\/revisions\/74630"}],"wp:featuredmedia":[{"embeddable":true,"href":"https:\/\/zonaroja.com.mx\/index.php?rest_route=\/wp\/v2\/media\/74629"}],"wp:attachment":[{"href":"https:\/\/zonaroja.com.mx\/index.php?rest_route=%2Fwp%2Fv2%2Fmedia&parent=74628"}],"wp:term":[{"taxonomy":"category","embeddable":true,"href":"https:\/\/zonaroja.com.mx\/index.php?rest_route=%2Fwp%2Fv2%2Fcategories&post=74628"},{"taxonomy":"post_tag","embeddable":true,"href":"https:\/\/zonaroja.com.mx\/index.php?rest_route=%2Fwp%2Fv2%2Ftags&post=74628"}],"curies":[{"name":"wp","href":"https:\/\/api.w.org\/{rel}","templated":true}]}}