{"id":74633,"date":"2024-11-19T07:31:04","date_gmt":"2024-11-19T13:31:04","guid":{"rendered":"https:\/\/zonaroja.com.mx\/?p=74633"},"modified":"2024-11-19T07:31:06","modified_gmt":"2024-11-19T13:31:06","slug":"el-tepjf-determino-que-se-debe-continuar-con-organizacion-del-proceso-judicial","status":"publish","type":"post","link":"https:\/\/zonaroja.com.mx\/?p=74633","title":{"rendered":"El TEPJF determin\u00f3 que se debe continuar con organizaci\u00f3n del proceso judicial"},"content":{"rendered":"\n<p>Redacci\u00f3n\/Zona Roja Cdmx.<\/p>\n\n\n\n<p>Ciudad de M\u00e9xico, a 19 de noviembre de 2024.- La Sala Superior del Tribunal Electoral del Poder Judicial de la Federaci\u00f3n (TEPJF) determin\u00f3, por mayor\u00eda de votos, constitucionalmente inviable suspender los actos que se relacionan con el desarrollo de los procedimientos electorales a cargo del Senado de la Rep\u00fablica, el Instituto Nacional Electoral (INE) y otras autoridades competentes respecto del proceso electoral extraordinario del Poder Judicial de la Federaci\u00f3n 2024-2025.<\/p>\n\n\n\n<p>Lo anterior, dado que los promoventes solicitaron que el TEPJF emitiera una medida de protecci\u00f3n provisional a fin de garantizar la continuidad del proceso para las elecciones, derivado de las resoluciones de amparo en las que, entre otras cuestiones, se concedi\u00f3 la suspensi\u00f3n del mismo.<\/p>\n\n\n\n<p>En sesi\u00f3n p\u00fablica por videoconferencia, el pleno de la Sala Superior, a propuesta del magistrado Felipe Alfredo Fuentes Barrera, determin\u00f3 ayer que las autoridades correspondientes en menci\u00f3n deben continuar con la organizaci\u00f3n de los comicios.<\/p>\n\n\n\n<p>Se consider\u00f3 que los actos vinculados con el desarrollo del proceso electoral para la renovaci\u00f3n de los Poderes de la Uni\u00f3n no pueden detenerse por parte de las autoridades obligadas a realizarlos, dado que es una cuesti\u00f3n de inter\u00e9s p\u00fablico, que deviene de un mandato constitucional (SUP-AG-632\/2024 y acumulados).<\/p>\n\n\n\n<p>Por tres votos a favor y dos en contra, de la magistrada Janine Ot\u00e1lora y Reyes Rodr\u00edguez, el pleno del TEPJF sentenci\u00f3 que los jueces de amparo no pueden suspender la organizaci\u00f3n de la elecci\u00f3n del Poder Judicial y por lo tanto, sus suspensiones y sanciones, no tienen efectos, debido a que la Constituci\u00f3n expresamente indica que \u00e9stos no son procedentes en materia electoral.<\/p>\n\n\n\n<p>Lo anterior, destaca, porque en materia electoral no operan los amparos, adem\u00e1s que constitucional y convencionalmente los derechos pol\u00edticos son derechos que no admiten suspensi\u00f3n, incluso en estados o situaciones de emergencia.<\/p>\n\n\n\n<p>El proyecto de sentencia del magistrado Felipe Fuentes Barrera aprobado se\u00f1ala que todas las autoridades involucradas, directa o indirectamente en el nuevo procedimiento constitucional de elecci\u00f3n de personas juzgadoras (INE, legislativas, del Poder Ejecutivo o Judicial) deben continuar en el ejercicio de sus atribuciones en los t\u00e9rminos constitucionalmente previstos, al ser inviable constitucionalmente cualquier decisi\u00f3n, resoluci\u00f3n o diligencia encaminada a suspender el proceso electoral de personas juzgadoras, teniendo en cuenta que, en materia electoral, no opera la instituci\u00f3n de la suspensi\u00f3n de los actos de las autoridades que realizan funciones formal o materialmente electorales.<\/p>\n\n\n\n<p>Si bien el 23 de septiembre pasado el consejo general del INE declar\u00f3 el inicio del proceso, desde entonces no se ha avanzado bajo el argumento de que hay m\u00e1s de 500 solicitudes de amparo contra la reforma constitucional. Algunos juzgados de distrito emitieron suspensiones provisionales y definitivas.<\/p>\n\n\n\n<p>El proyecto, en el que tambi\u00e9n se refrenda la facultad de esta sala superior como m\u00e1xima instancia en materia electoral, fue aprobado con la mayor\u00eda de los magistrados Fuentes Barrera, M\u00f3nica Soto y Felipe de la Mata.<\/p>\n\n\n\n<p>(Con informaci\u00f3n de \u201cLa Jornada\u201d)<\/p>\n","protected":false},"excerpt":{"rendered":"<p>Redacci\u00f3n\/Zona Roja Cdmx. Ciudad de M\u00e9xico, a 19 de noviembre de 2024.- La Sala Superior&hellip;<\/p>\n","protected":false},"author":2,"featured_media":74634,"comment_status":"closed","ping_status":"open","sticky":false,"template":"","format":"standard","meta":{"_lmt_disableupdate":"","_lmt_disable":"","_jetpack_memberships_contains_paid_content":false,"footnotes":""},"categories":[109,46],"tags":[],"class_list":["post-74633","post","type-post","status-publish","format-standard","has-post-thumbnail","hentry","category-minuto-a-minuto","category-zona-blanca"],"jetpack_featured_media_url":"https:\/\/zonaroja.com.mx\/wp-content\/uploads\/2024\/11\/TEPJF-Tribunal-Electoral-Poder-Judicial.png","jetpack_sharing_enabled":true,"_links":{"self":[{"href":"https:\/\/zonaroja.com.mx\/index.php?rest_route=\/wp\/v2\/posts\/74633","targetHints":{"allow":["GET"]}}],"collection":[{"href":"https:\/\/zonaroja.com.mx\/index.php?rest_route=\/wp\/v2\/posts"}],"about":[{"href":"https:\/\/zonaroja.com.mx\/index.php?rest_route=\/wp\/v2\/types\/post"}],"author":[{"embeddable":true,"href":"https:\/\/zonaroja.com.mx\/index.php?rest_route=\/wp\/v2\/users\/2"}],"replies":[{"embeddable":true,"href":"https:\/\/zonaroja.com.mx\/index.php?rest_route=%2Fwp%2Fv2%2Fcomments&post=74633"}],"version-history":[{"count":1,"href":"https:\/\/zonaroja.com.mx\/index.php?rest_route=\/wp\/v2\/posts\/74633\/revisions"}],"predecessor-version":[{"id":74635,"href":"https:\/\/zonaroja.com.mx\/index.php?rest_route=\/wp\/v2\/posts\/74633\/revisions\/74635"}],"wp:featuredmedia":[{"embeddable":true,"href":"https:\/\/zonaroja.com.mx\/index.php?rest_route=\/wp\/v2\/media\/74634"}],"wp:attachment":[{"href":"https:\/\/zonaroja.com.mx\/index.php?rest_route=%2Fwp%2Fv2%2Fmedia&parent=74633"}],"wp:term":[{"taxonomy":"category","embeddable":true,"href":"https:\/\/zonaroja.com.mx\/index.php?rest_route=%2Fwp%2Fv2%2Fcategories&post=74633"},{"taxonomy":"post_tag","embeddable":true,"href":"https:\/\/zonaroja.com.mx\/index.php?rest_route=%2Fwp%2Fv2%2Ftags&post=74633"}],"curies":[{"name":"wp","href":"https:\/\/api.w.org\/{rel}","templated":true}]}}