{"id":74636,"date":"2024-11-19T11:31:00","date_gmt":"2024-11-19T17:31:00","guid":{"rendered":"https:\/\/zonaroja.com.mx\/?p=74636"},"modified":"2024-11-19T07:46:39","modified_gmt":"2024-11-19T13:46:39","slug":"se-rebela-magisterio-de-oaxaca-y-convoca-a-resistencia-administrativa","status":"publish","type":"post","link":"https:\/\/zonaroja.com.mx\/?p=74636","title":{"rendered":"Se rebela magisterio de Oaxaca y convoca a \u201cresistencia administrativa\u201d"},"content":{"rendered":"\n<p>Ismael Garc\u00eda M.\/Zona Roja.<\/p>\n\n\n\n<p>Oaxaca de Ju\u00e1rez, Oax., a 19 de noviembre de 2024.- Al incumplir el gobierno federal con derogar la reforma educativa que impuls\u00f3 Enrique Pe\u00f1a Nieto, la Secci\u00f3n 22 del Sindicato Nacional de Trabajadores de la Educaci\u00f3n (SNTE) llam\u00f3 a una \u201cresistencia administrativa\u201d.<\/p>\n\n\n\n<p>En un comunicado emitido anoche, pero con fecha 14 de noviembre, el profesor Eutiquio Ruiz Reyes, Secretario T\u00e9cnico del Comit\u00e9 Ejecutivo Seccional, reiter\u00f3 el rechazo a la imposici\u00f3n de dicha reforma y convoc\u00f3 a la resistencia.<\/p>\n\n\n\n<p>\u201cEsta resistencia es una expresi\u00f3n leg\u00edtima de lucha, en defensa de los derechos de los trabajadores de la educaci\u00f3n y en apego a las demandas del Movimiento Democr\u00e1tico de Trabajadores de la Educaci\u00f3n de Oaxaca (MDTEO)\u201d.<\/p>\n\n\n\n<p>Expuso que, ante los comunicados de la Secretar\u00eda de Educaci\u00f3n P\u00fablica (SEP) y del Instituto Estatal de Educaci\u00f3n P\u00fablica de Oaxaca (IEEPO), en los que se insiste en el cumplimiento de procedimientos administrativos en plataformas institucionales, \u201cdejamos en claro que no toleraremos amenazas ni represalias contra las escuelas que se nieguen a cumplir con estos requerimientos. <\/p>\n\n\n\n<p>\u201cEspec\u00edficamente, rechazamos la amenaza de clausura de la clave de los centros educativos por la falta de requisici\u00f3n del formato 911 en dos periodos escolares consecutivos, consideramos esta medida una presi\u00f3n indebida y una violaci\u00f3n a los derechos de nuestras comunidades escolares\u201d.<\/p>\n\n\n\n<p>El documento est\u00e1 dirigido a los jefes de sector, jefes de zona, supervisores, directores, maestros de grupo y PAAES, a quienes llama a mantenerse firmes en la resistencia administrativa, \u201cevitando cumplir con cualquier directriz que atente contra nuestra autonom\u00eda y dignidad como educadores\u201d.&nbsp;<\/p>\n","protected":false},"excerpt":{"rendered":"<p>Ismael Garc\u00eda M.\/Zona Roja. Oaxaca de Ju\u00e1rez, Oax., a 19 de noviembre de 2024.- Al&hellip;<\/p>\n","protected":false},"author":2,"featured_media":74637,"comment_status":"closed","ping_status":"open","sticky":false,"template":"","format":"standard","meta":{"_lmt_disableupdate":"","_lmt_disable":"","_jetpack_memberships_contains_paid_content":false,"footnotes":""},"categories":[109,47],"tags":[312],"class_list":["post-74636","post","type-post","status-publish","format-standard","has-post-thumbnail","hentry","category-minuto-a-minuto","category-zona-gris","tag-seccion-22-del-snte"],"jetpack_featured_media_url":"https:\/\/zonaroja.com.mx\/wp-content\/uploads\/2024\/11\/Convocatoria-rebelion-administrativa-seccion-22.jpg","jetpack_sharing_enabled":true,"_links":{"self":[{"href":"https:\/\/zonaroja.com.mx\/index.php?rest_route=\/wp\/v2\/posts\/74636","targetHints":{"allow":["GET"]}}],"collection":[{"href":"https:\/\/zonaroja.com.mx\/index.php?rest_route=\/wp\/v2\/posts"}],"about":[{"href":"https:\/\/zonaroja.com.mx\/index.php?rest_route=\/wp\/v2\/types\/post"}],"author":[{"embeddable":true,"href":"https:\/\/zonaroja.com.mx\/index.php?rest_route=\/wp\/v2\/users\/2"}],"replies":[{"embeddable":true,"href":"https:\/\/zonaroja.com.mx\/index.php?rest_route=%2Fwp%2Fv2%2Fcomments&post=74636"}],"version-history":[{"count":1,"href":"https:\/\/zonaroja.com.mx\/index.php?rest_route=\/wp\/v2\/posts\/74636\/revisions"}],"predecessor-version":[{"id":74638,"href":"https:\/\/zonaroja.com.mx\/index.php?rest_route=\/wp\/v2\/posts\/74636\/revisions\/74638"}],"wp:featuredmedia":[{"embeddable":true,"href":"https:\/\/zonaroja.com.mx\/index.php?rest_route=\/wp\/v2\/media\/74637"}],"wp:attachment":[{"href":"https:\/\/zonaroja.com.mx\/index.php?rest_route=%2Fwp%2Fv2%2Fmedia&parent=74636"}],"wp:term":[{"taxonomy":"category","embeddable":true,"href":"https:\/\/zonaroja.com.mx\/index.php?rest_route=%2Fwp%2Fv2%2Fcategories&post=74636"},{"taxonomy":"post_tag","embeddable":true,"href":"https:\/\/zonaroja.com.mx\/index.php?rest_route=%2Fwp%2Fv2%2Ftags&post=74636"}],"curies":[{"name":"wp","href":"https:\/\/api.w.org\/{rel}","templated":true}]}}