{"id":7464,"date":"2020-01-09T08:55:46","date_gmt":"2020-01-09T14:55:46","guid":{"rendered":"http:\/\/www.zonaroja.com.mx\/?p=7464"},"modified":"2020-01-09T07:32:30","modified_gmt":"2020-01-09T13:32:30","slug":"desde-el-congreso-de-la-cdmx-presionan-a-fiscalia-de-oaxaca-por-caso-maria-elena","status":"publish","type":"post","link":"https:\/\/zonaroja.com.mx\/?p=7464","title":{"rendered":"Desde el Congreso de la Cdmx presionan a Fiscal\u00eda de Oaxaca por caso Mar\u00eda Elena"},"content":{"rendered":"\n<p>Redacci\u00f3n\/Zona Roja Cdmx.<\/p>\n\n\n\n<p>Ciudad De\nM\u00e9xico, 9 de enero de 2020.- La Comisi\u00f3n Permanente del Congreso de la Ciudad\nde M\u00e9xico (Cdmx) urgi\u00f3 a la Fiscal\u00eda General de Oaxaca para que proceda\nlegalmente contra el empresario y exdiputado priista Juan Vera Carrizal, por su\npresunta participaci\u00f3n en el ataque con \u00e1cido contra la saxofonista Mar\u00eda Elena\nR\u00edos Ortiz, el pasado 9 de septiembre.<\/p>\n\n\n\n<p>De acuerdo\ncon la agencia \u201cProceso\u201d, durante la presentaci\u00f3n de la propuesta, el diputado\nde Morena, Ricardo Fuentes, conden\u00f3 que ataques \u201cdesagradables y ofensivos\u201d\ncomo el de Mar\u00eda Elena se sigan permitiendo en el pa\u00eds.<\/p>\n\n\n\n<p>En ese\nsentido, el congresista capitalino lament\u00f3 que el Juzgado Cuarto de Distrito de\nOaxaca haya otorgado un amparo a Vera Carrizal contra cualquier orden de\naprehensi\u00f3n en su contra a cambio de una garant\u00eda de tres mil 500 pesos.<\/p>\n\n\n\n<p>\u201cEs un hecho\nlamentable, injustificable y reprobable que se conceda un amparo debido a la\ngravedad de los hechos y a las pruebas que ha presentado la familia Ortiz a la\nFiscal\u00eda, donde responsabilizan al exdiputado Juan Antonio Vera Carrizal\u201d,\ncritic\u00f3.<\/p>\n\n\n\n<p>Pese a ello,\nel morenista confi\u00f3 en que la autoridad correspondiente revisar\u00e1 el amparo, a\nfin de evitar que dicho recurso sea una suspensi\u00f3n definitiva, y permita a la\nFiscal\u00eda oaxaque\u00f1a actuar en consecuencia, refiere la informaci\u00f3n de la agencia\n\u201cProceso\u201d.<\/p>\n\n\n\n<p>CONGRESO\nRECHAZA DISCUSI\u00d3N<\/p>\n\n\n\n<p>En tanto, durante\nla primera sesi\u00f3n del 2020, el diputado del Partido del Trabajo (PT), C\u00e9sar\nMorales Ni\u00f1o, present\u00f3 un acuerdo para que la legislatura local \u201ccondenara el\ndeleznable ataque\u201d contra Mar\u00eda Elena R\u00edos Ortiz, pero la mayor\u00eda consider\u00f3 que\nla propuesta no era urgente, por lo que se turn\u00f3 a comisiones para su estudio y\nan\u00e1lisis.<\/p>\n\n\n\n<p>La propuesta\ndel petista busca que el gobierno del estado, encabezado por el priista\nAlejandro Murat Hinojosa, garantice \u201cla integridad f\u00edsica y psicol\u00f3gica de\nMar\u00eda Elena y de sus familiares y amigos que se encuentran en calidad de\nv\u00edctimas indirectas\u201d.<\/p>\n\n\n\n<p>Adem\u00e1s, pide\na la Defensor\u00eda de los Derechos Humanos de Oaxaca que solicite protecci\u00f3n y el\notorgamiento de medidas cautelares tanto a la v\u00edctima como a sus familiares y\namistades.<\/p>\n\n\n\n<p>Finalmente,\nel congresista dijo que dicho caso coloca a Oaxaca en la \u00f3rbita de la impunidad\ny negligencia, pues el \u201cel Estado impide que las mujeres tengan acceso al\nderecho a la justicia y la reparaci\u00f3n del da\u00f1o para las v\u00edctimas de violencia\npor la falta de sensibilidad de los operadores judiciales, y de la demora en la\niniciaci\u00f3n de investigaciones\u201d.<\/p>\n","protected":false},"excerpt":{"rendered":"<p>Redacci\u00f3n\/Zona Roja Cdmx. Ciudad De M\u00e9xico, 9 de enero de 2020.- La Comisi\u00f3n Permanente del&hellip;<\/p>\n","protected":false},"author":2,"featured_media":6633,"comment_status":"closed","ping_status":"open","sticky":false,"template":"","format":"standard","meta":{"_lmt_disableupdate":"","_lmt_disable":"","_jetpack_memberships_contains_paid_content":false,"footnotes":""},"categories":[109,47],"tags":[494,1124],"class_list":["post-7464","post","type-post","status-publish","format-standard","has-post-thumbnail","hentry","category-minuto-a-minuto","category-zona-gris","tag-fiscalia-general-del-estado-de-oaxaca","tag-maria-elena-rios-ortiz"],"jetpack_featured_media_url":"https:\/\/zonaroja.com.mx\/wp-content\/uploads\/2019\/12\/Mar\u00eda-Elena-R\u00edos2.jpg","jetpack_sharing_enabled":true,"_links":{"self":[{"href":"https:\/\/zonaroja.com.mx\/index.php?rest_route=\/wp\/v2\/posts\/7464","targetHints":{"allow":["GET"]}}],"collection":[{"href":"https:\/\/zonaroja.com.mx\/index.php?rest_route=\/wp\/v2\/posts"}],"about":[{"href":"https:\/\/zonaroja.com.mx\/index.php?rest_route=\/wp\/v2\/types\/post"}],"author":[{"embeddable":true,"href":"https:\/\/zonaroja.com.mx\/index.php?rest_route=\/wp\/v2\/users\/2"}],"replies":[{"embeddable":true,"href":"https:\/\/zonaroja.com.mx\/index.php?rest_route=%2Fwp%2Fv2%2Fcomments&post=7464"}],"version-history":[{"count":1,"href":"https:\/\/zonaroja.com.mx\/index.php?rest_route=\/wp\/v2\/posts\/7464\/revisions"}],"predecessor-version":[{"id":7465,"href":"https:\/\/zonaroja.com.mx\/index.php?rest_route=\/wp\/v2\/posts\/7464\/revisions\/7465"}],"wp:featuredmedia":[{"embeddable":true,"href":"https:\/\/zonaroja.com.mx\/index.php?rest_route=\/wp\/v2\/media\/6633"}],"wp:attachment":[{"href":"https:\/\/zonaroja.com.mx\/index.php?rest_route=%2Fwp%2Fv2%2Fmedia&parent=7464"}],"wp:term":[{"taxonomy":"category","embeddable":true,"href":"https:\/\/zonaroja.com.mx\/index.php?rest_route=%2Fwp%2Fv2%2Fcategories&post=7464"},{"taxonomy":"post_tag","embeddable":true,"href":"https:\/\/zonaroja.com.mx\/index.php?rest_route=%2Fwp%2Fv2%2Ftags&post=7464"}],"curies":[{"name":"wp","href":"https:\/\/api.w.org\/{rel}","templated":true}]}}