{"id":74642,"date":"2024-11-19T12:26:00","date_gmt":"2024-11-19T18:26:00","guid":{"rendered":"https:\/\/zonaroja.com.mx\/?p=74642"},"modified":"2024-11-19T09:30:52","modified_gmt":"2024-11-19T15:30:52","slug":"paquete-fiscal-sera-austero-sin-recorte-a-programas-finanzas","status":"publish","type":"post","link":"https:\/\/zonaroja.com.mx\/?p=74642","title":{"rendered":"Paquete fiscal ser\u00e1 austero, sin recorte a programas: Finanzas"},"content":{"rendered":"\n<p>Ismael Garc\u00eda M.\/Zona Roja.<\/p>\n\n\n\n<p>Oaxaca de Ju\u00e1rez, Oax., a 19 de noviembre de 2023.- Al destacar la extraordinaria recaudaci\u00f3n fiscal en este a\u00f1o, el secretario de Finanzas del gobierno de Oaxaca, Farid Acevedo L\u00f3pez, anunci\u00f3 la presentaci\u00f3n del paquete fiscal 2025, en que destac\u00f3 que no habr\u00e1 nuevos impuestos.<\/p>\n\n\n\n<p>Durante su intervenci\u00f3n de ayer en la conferencia del gobernador Salom\u00f3n Jara Cruz, explic\u00f3 que la elaboraci\u00f3n del Presupuesto de Egresos como de la Ley de Ingresos de la entidad tuvo que esperar a la entrega del respectivo paquete por parte del gobierno de Claudia Sheinbaum, con la finalidad de sujetarse a dichos lineamientos.<\/p>\n\n\n\n<p>Expuso que el 95 por ciento de los ingresos provienen de la Federaci\u00f3n y por lo tanto se ten\u00eda que esperar a conocer la propuesta de presupuesto para el pa\u00eds.<\/p>\n\n\n\n<p>Acevedo L\u00f3pez resalt\u00f3 la recaudaci\u00f3n fiscal hist\u00f3rica para este a\u00f1o pues mientras que en el 2022 fue de tres mil 900 millones de pesos, a la fecha se llevan cinco mil 400 millones de pesos y se espera cerrar en seis mil 200 millones de pesos.<\/p>\n\n\n\n<p>\u201cEso refleja un incremento de m\u00e1s de dos mil millones de pesos, aunado a eso se lleva una gran responsabilidad de concretar la ley de austeridad, que tiene vigencia para este ejercicio y que es importante que lo observen\u201d, dijo.<\/p>\n\n\n\n<p>Rechaz\u00f3 que vaya a haber recortes a programas sociales y de infraestructura para la entidad oaxaque\u00f1a; no obstante, se reducir\u00e1n gastos de las dependencias estatales y organismos.<\/p>\n\n\n\n<p>Entre ellos principalmente el que se refiere a combustibles, vi\u00e1ticos, papeler\u00eda, arrendamientos, contrataci\u00f3n de servicios profesionales, con la finalidad de concretar la austeridad que por ley est\u00e1 obligado el Estado.<\/p>\n\n\n\n<p>Sobre las contribuciones que se han recaudado, habl\u00f3 tambi\u00e9n el relativo al impuesto al turismo, as\u00ed como la actualizaci\u00f3n y ampliaci\u00f3n de la base de contribuyentes, con lo cual se han logrado los resultados extraordinarios en materia fiscal.<\/p>\n","protected":false},"excerpt":{"rendered":"<p>Ismael Garc\u00eda M.\/Zona Roja. Oaxaca de Ju\u00e1rez, Oax., a 19 de noviembre de 2023.- Al&hellip;<\/p>\n","protected":false},"author":2,"featured_media":74646,"comment_status":"closed","ping_status":"open","sticky":false,"template":"","format":"standard","meta":{"_lmt_disableupdate":"","_lmt_disable":"","_jetpack_memberships_contains_paid_content":false,"footnotes":""},"categories":[109,46],"tags":[2346],"class_list":["post-74642","post","type-post","status-publish","format-standard","has-post-thumbnail","hentry","category-minuto-a-minuto","category-zona-blanca","tag-secretaria-de-finanzas-gobierno-de-oaxaca"],"jetpack_featured_media_url":"https:\/\/zonaroja.com.mx\/wp-content\/uploads\/2024\/11\/Farid-Acevedo-Lopez-Finanzas.jpeg","jetpack_sharing_enabled":true,"_links":{"self":[{"href":"https:\/\/zonaroja.com.mx\/index.php?rest_route=\/wp\/v2\/posts\/74642","targetHints":{"allow":["GET"]}}],"collection":[{"href":"https:\/\/zonaroja.com.mx\/index.php?rest_route=\/wp\/v2\/posts"}],"about":[{"href":"https:\/\/zonaroja.com.mx\/index.php?rest_route=\/wp\/v2\/types\/post"}],"author":[{"embeddable":true,"href":"https:\/\/zonaroja.com.mx\/index.php?rest_route=\/wp\/v2\/users\/2"}],"replies":[{"embeddable":true,"href":"https:\/\/zonaroja.com.mx\/index.php?rest_route=%2Fwp%2Fv2%2Fcomments&post=74642"}],"version-history":[{"count":1,"href":"https:\/\/zonaroja.com.mx\/index.php?rest_route=\/wp\/v2\/posts\/74642\/revisions"}],"predecessor-version":[{"id":74643,"href":"https:\/\/zonaroja.com.mx\/index.php?rest_route=\/wp\/v2\/posts\/74642\/revisions\/74643"}],"wp:featuredmedia":[{"embeddable":true,"href":"https:\/\/zonaroja.com.mx\/index.php?rest_route=\/wp\/v2\/media\/74646"}],"wp:attachment":[{"href":"https:\/\/zonaroja.com.mx\/index.php?rest_route=%2Fwp%2Fv2%2Fmedia&parent=74642"}],"wp:term":[{"taxonomy":"category","embeddable":true,"href":"https:\/\/zonaroja.com.mx\/index.php?rest_route=%2Fwp%2Fv2%2Fcategories&post=74642"},{"taxonomy":"post_tag","embeddable":true,"href":"https:\/\/zonaroja.com.mx\/index.php?rest_route=%2Fwp%2Fv2%2Ftags&post=74642"}],"curies":[{"name":"wp","href":"https:\/\/api.w.org\/{rel}","templated":true}]}}