{"id":74647,"date":"2024-11-19T13:33:00","date_gmt":"2024-11-19T19:33:00","guid":{"rendered":"https:\/\/zonaroja.com.mx\/?p=74647"},"modified":"2024-11-19T09:33:47","modified_gmt":"2024-11-19T15:33:47","slug":"opinion-ganar-poder-sin-transforma","status":"publish","type":"post","link":"https:\/\/zonaroja.com.mx\/?p=74647","title":{"rendered":"Opini\u00f3n. Ganar (poder) sin transforma"},"content":{"rendered":"\n<p>Isidoro Yescas*<\/p>\n\n\n\n<p>Escribe&nbsp;Federico&nbsp;&nbsp;Bonasso,&nbsp;compositor, literato y acad\u00e9mico comprometido con la 4t, a prop\u00f3sito de los militantes y dirigentes de Morena que ahora est\u00e1n en el poder (legisladores, presidentes municipales, gobernadores)&nbsp;: \u201c\u2026recuerden sus tiempos de militancia, y recuerden el esp\u00edritu dialoguista, librepensador y democr\u00e1tico que los anim\u00f3.&nbsp;<\/p>\n\n\n\n<p>Entendemos muy bien que sin poder no se puede transformar. Y que conservar o conquistar el poder exige ciertas alianzas y maniobras, algunas que desaf\u00edan nuestro propio espinazo moral (\u2026) La transformaci\u00f3n profunda exige, en determinados momentos, dar batallas \u00e9ticas. De lo contrario, terminamos \u00fanicamente en un cambio escenogr\u00e1fico y no estructural \u201c.&nbsp;( cuenta&nbsp;de X, noviembre 15 del 2024).<\/p>\n\n\n\n<p>Y en Oaxaca es lo que ha ocurrido a dos a\u00f1os de la renovaci\u00f3n del poder ejecutivo&nbsp;( en&nbsp;el &nbsp;poder legislativo ya Morena era fracci\u00f3n mayoritaria desde antes del 2022):&nbsp;no hay batallas culturales y &nbsp;tampoco &nbsp;batallas \u00e9ticas y, ni desde el poder legislativo ni ejecutivo se observa voluntad para avanzar por esa ruta.&nbsp;<\/p>\n\n\n\n<p>Al parecer no se aprendi\u00f3, o no se quiso repasar la experiencia con sentido cr\u00edtico, de la primera oportunidad que tuvo la izquierda&nbsp;oaxaque\u00f1a &nbsp;en&nbsp;el sexenio de Gabino&nbsp;Cu\u00e9&nbsp;( 2010-2016) para gobernar para el pueblo y no para las \u00e9lites partidistas y burocr\u00e1ticas, &nbsp;y las omisiones y yerros que convirtieron al \u201cgobierno del cambio\u201d en un gobierno fallido, se repiten en grado superlativo.<\/p>\n\n\n\n<p>En buena medida, el retorno del PRI a la gubernatura&nbsp;en el 2016&nbsp;fue&nbsp;resultado&nbsp;de&nbsp;la ausencia de un proyecto com\u00fan entre el PRD, PT y Morena, que caminaron con sus propios candidatos pulverizando as\u00ed el voto opositor&nbsp;de izquierda,&nbsp;y de un&nbsp;pri\u00edsmo&nbsp;remasterizado y &nbsp;conducido por el&nbsp;muratismo&nbsp;que nunca se fue del gobierno durante la primera alternancia en el poder ejecutivo.&nbsp;<\/p>\n\n\n\n<p>Bajo el vital empuje del&nbsp;obradorismo, la segunda oportunidad para la izquierda partidista lleg\u00f3 en el 2022&nbsp;al ganar la elecci\u00f3n de gobernador el ingeniero Salom\u00f3n Jara Cruz, candidato de la coalici\u00f3n Morena-PT-PVEM.<\/p>\n\n\n\n<p>Ya ungido como candidato mediante encuesta, una de sus principales promesas de campa\u00f1a fue devolverle a Oaxaca la paz y seguridad perdida durante el gobierno de Alejandro Murat.&nbsp;<\/p>\n\n\n\n<p>Sin embargo nuestra entidad hoy est\u00e1 cada vez m\u00e1s cerca de los escenarios&nbsp;de &nbsp;violencia&nbsp;e ingobernabilidad&nbsp;que un d\u00eda s\u00ed y el otro tambi\u00e9n se viven en estados vecinos como Guerrero y Chiapas en donde&nbsp;el estado de derecho es&nbsp;una entelequia.&nbsp;<\/p>\n\n\n\n<p>El diagn\u00f3stico ya se tiene&nbsp;pero hace falta estrategia y&nbsp;compromiso&nbsp;:&nbsp;apenas la semana pasada desde Palacio de Gobierno se reconoci\u00f3 que el 85 por ciento de la incidencia delictiva que padece la entidad se localiza en las regiones de la Costa, Valles Centrales y el Istmo.&nbsp;(ver&nbsp;\u201cBajo el signo de la violencia\u201d, en Noticias, noviembre 11 del 2024).<\/p>\n\n\n\n<p>El problema&nbsp;mayor &nbsp;hasta&nbsp;ahora es&nbsp;que,&nbsp;m\u00e1s all\u00e1 de echarle la culpa al pasado reciente,&nbsp;en los dos primeros a\u00f1os del sexenio primaveral&nbsp;poco se&nbsp;ha hecho para reducir esa&nbsp;creciente&nbsp;inseguridad y violencia que, a \u00faltimas fechas, ya le empieza a pegar con mayor intensidad y dureza a la ciudad capital.<\/p>\n\n\n\n<p>Y como no hay resultados que convenzan,&nbsp;y de ah\u00ed la falsa salida&nbsp;oficial de que, \u201ccomo nunca\u201d (sic) Oaxaca&nbsp;goza de paz y estabilidad social y pol\u00edtica, el acto pol\u00edtico con motivo del&nbsp;segundo&nbsp;informe anual &nbsp;de gobierno&nbsp;por vez primera en medio siglo &nbsp;se traslad\u00f3 al municipio&nbsp;de Juchit\u00e1n, hoy por hoy atrapado, como otros municipios&nbsp;istme\u00f1os,&nbsp;en la violenta disputa de plazas&nbsp;y espacios pol\u00edticos&nbsp;de c\u00e1rteles y c\u00e9lulas del crimen organizado.<\/p>\n\n\n\n<p>Justificaciones aparte&nbsp;(\u00bfo fue para evitar los&nbsp;duros reclamos&nbsp;en la marcha magisterial?), lo cierto es que, ya en v\u00edsperas del arranque del tercer a\u00f1o de gobierno&nbsp;,importa mucho dejar atr\u00e1s los cambios escenogr\u00e1ficos, como escribe&nbsp;Bonasso, para entrarle&nbsp;al&nbsp;cambio estructural, a&nbsp;las batallas culturales y \u00e9ticas, para cumplir la promesa electoral de un Oaxaca Seguro,&nbsp;empezando por&nbsp;trabajar en&nbsp;el&nbsp;plan&nbsp;que ya el gobierno de la presidenta Claudia Sheinbaum ha propuesta en materia de seguridad.&nbsp;<\/p>\n\n\n\n<p>La tercera es la vencida y m\u00e1s vale tarde que nunca.&nbsp;<\/p>\n\n\n\n<p>*Maestro en Sociolog\u00eda.<\/p>\n\n\n\n<p>X: @IsidoroYescas &nbsp; &nbsp; &nbsp; &nbsp;&nbsp;<\/p>\n","protected":false},"excerpt":{"rendered":"<p>Isidoro Yescas* Escribe&nbsp;Federico&nbsp;&nbsp;Bonasso,&nbsp;compositor, literato y acad\u00e9mico comprometido con la 4t, a prop\u00f3sito de los militantes&hellip;<\/p>\n","protected":false},"author":2,"featured_media":71623,"comment_status":"closed","ping_status":"open","sticky":false,"template":"","format":"standard","meta":{"_lmt_disableupdate":"","_lmt_disable":"","_jetpack_memberships_contains_paid_content":false,"footnotes":""},"categories":[456,109],"tags":[3998],"class_list":["post-74647","post","type-post","status-publish","format-standard","has-post-thumbnail","hentry","category-columna","category-minuto-a-minuto","tag-isidoro-yescas-martinez"],"jetpack_featured_media_url":"https:\/\/zonaroja.com.mx\/wp-content\/uploads\/2024\/08\/Opinion.-Isidoro-Yescas.jpg","jetpack_sharing_enabled":true,"_links":{"self":[{"href":"https:\/\/zonaroja.com.mx\/index.php?rest_route=\/wp\/v2\/posts\/74647","targetHints":{"allow":["GET"]}}],"collection":[{"href":"https:\/\/zonaroja.com.mx\/index.php?rest_route=\/wp\/v2\/posts"}],"about":[{"href":"https:\/\/zonaroja.com.mx\/index.php?rest_route=\/wp\/v2\/types\/post"}],"author":[{"embeddable":true,"href":"https:\/\/zonaroja.com.mx\/index.php?rest_route=\/wp\/v2\/users\/2"}],"replies":[{"embeddable":true,"href":"https:\/\/zonaroja.com.mx\/index.php?rest_route=%2Fwp%2Fv2%2Fcomments&post=74647"}],"version-history":[{"count":1,"href":"https:\/\/zonaroja.com.mx\/index.php?rest_route=\/wp\/v2\/posts\/74647\/revisions"}],"predecessor-version":[{"id":74648,"href":"https:\/\/zonaroja.com.mx\/index.php?rest_route=\/wp\/v2\/posts\/74647\/revisions\/74648"}],"wp:featuredmedia":[{"embeddable":true,"href":"https:\/\/zonaroja.com.mx\/index.php?rest_route=\/wp\/v2\/media\/71623"}],"wp:attachment":[{"href":"https:\/\/zonaroja.com.mx\/index.php?rest_route=%2Fwp%2Fv2%2Fmedia&parent=74647"}],"wp:term":[{"taxonomy":"category","embeddable":true,"href":"https:\/\/zonaroja.com.mx\/index.php?rest_route=%2Fwp%2Fv2%2Fcategories&post=74647"},{"taxonomy":"post_tag","embeddable":true,"href":"https:\/\/zonaroja.com.mx\/index.php?rest_route=%2Fwp%2Fv2%2Ftags&post=74647"}],"curies":[{"name":"wp","href":"https:\/\/api.w.org\/{rel}","templated":true}]}}